{"id":35178,"date":"2023-10-09T12:21:32","date_gmt":"2023-10-09T18:21:32","guid":{"rendered":"https:\/\/elconspirador.com.mx\/?p=35178"},"modified":"2023-10-09T12:21:32","modified_gmt":"2023-10-09T18:21:32","slug":"nava-no-busca-candidatura-plurinominal","status":"publish","type":"post","link":"https:\/\/elconspirador.com.mx\/?p=35178","title":{"rendered":"NAVA NO BUSCA CANDIDATURA PLURINOMINAL"},"content":{"rendered":"<p>Luis Bernardo Nava Guerrero, presidente municipal de Quer\u00e9taro, descart\u00f3 que vaya a buscar alguna candidatura plurinominal, puesto que tambi\u00e9n tendr\u00eda que pedir licencia a su cargo como alcalde.<\/p>\n<p>Lo anterior, luego del anuncio que realizara el jueves pasado de que concluir\u00e1 su cargo como presidente municipal hasta septiembre de 2024, al ser, incluso, el primer alcalde reelegido en dicha demarcaci\u00f3n.<\/p>\n<p>Cuestionado sobre si buscar\u00e1 alg\u00fan espacio en el partido, se\u00f1al\u00f3 que la dirigencia de Acci\u00f3n Nacional se renueva en 2024, por lo que pidi\u00f3 no adelantar tiempos, lo mismo que la posibilidad de integrarse al gabinete del gobernador Mauricio Kuri.<\/p>\n<p>\u201cPor lo pronto estamos concentrados en trabajar todo este a\u00f1o, redoblar esfuerzos y ya despu\u00e9s del 30 de septiembre veremos qu\u00e9 hacemos. Las pluris exigir\u00edan que tuviera que dejar el cargo, entonces tampoco estoy pensando en una pluri\u201d, dijo.<\/p>\n<p>Agradeci\u00f3 al gobernador Mauricio Kuri el apoyo a la decisi\u00f3n que tom\u00f3 de no contender por ning\u00fan cargo p\u00fablico y puntualiz\u00f3 que era importante hacer el anuncio para evitar suposiciones de que aprovech\u00f3 el cargo en la capital para construir una carrera personal.<\/p>\n<p>\u201cEra una decisi\u00f3n que era importante compartirla y agradecer el respeto del gobernador hacia la decisi\u00f3n de un servidor, el respeto y el apoyo; de parte del gobernador solamente hemos recibido gestos y amabilidad de apoyo, de atenci\u00f3n como acaba de comentar\u201d, indic\u00f3.<\/p>\n<p>Insisti\u00f3 en que, con la frente en alto, se quedar\u00e1 hasta el \u00faltimo d\u00eda de su administraci\u00f3n para concluir con los programas sociales y apoyos que ha emprendido en los \u00faltimos cinco a\u00f1os.<\/p>\n","protected":false},"excerpt":{"rendered":"<p>Luis Bernardo Nava Guerrero, presidente municipal de Quer\u00e9taro, descart\u00f3 que vaya a buscar alguna candidatura plurinominal, puesto que tambi\u00e9n tendr\u00eda que pedir licencia a su cargo como alcalde. Lo anterior, luego del anuncio que realizara el jueves pasado de que concluir\u00e1 su cargo como presidente municipal hasta septiembre de 2024, al ser, incluso, el primer alcalde reelegido en dicha demarcaci\u00f3n.<\/p>\n<div class=\"h10\"><\/div>\n<p><a class=\"more-link2 flat\" href=\"https:\/\/elconspirador.com.mx\/?p=35178\">Leer m\u00e1s<\/a><\/p>\n","protected":false},"author":1,"featured_media":35179,"comment_status":"open","ping_status":"open","sticky":false,"template":"","format":"standard","meta":{"om_disable_all_campaigns":false,"_uf_show_specific_survey":0,"_uf_disable_surveys":false},"categories":[1],"tags":[],"aioseo_notices":[],"_links":{"self":[{"href":"https:\/\/elconspirador.com.mx\/index.php?rest_route=\/wp\/v2\/posts\/35178"}],"collection":[{"href":"https:\/\/elconspirador.com.mx\/index.php?rest_route=\/wp\/v2\/posts"}],"about":[{"href":"https:\/\/elconspirador.com.mx\/index.php?rest_route=\/wp\/v2\/types\/post"}],"author":[{"embeddable":true,"href":"https:\/\/elconspirador.com.mx\/index.php?rest_route=\/wp\/v2\/users\/1"}],"replies":[{"embeddable":true,"href":"https:\/\/elconspirador.com.mx\/index.php?rest_route=%2Fwp%2Fv2%2Fcomments&post=35178"}],"version-history":[{"count":1,"href":"https:\/\/elconspirador.com.mx\/index.php?rest_route=\/wp\/v2\/posts\/35178\/revisions"}],"predecessor-version":[{"id":35180,"href":"https:\/\/elconspirador.com.mx\/index.php?rest_route=\/wp\/v2\/posts\/35178\/revisions\/35180"}],"wp:featuredmedia":[{"embeddable":true,"href":"https:\/\/elconspirador.com.mx\/index.php?rest_route=\/wp\/v2\/media\/35179"}],"wp:attachment":[{"href":"https:\/\/elconspirador.com.mx\/index.php?rest_route=%2Fwp%2Fv2%2Fmedia&parent=35178"}],"wp:term":[{"taxonomy":"category","embeddable":true,"href":"https:\/\/elconspirador.com.mx\/index.php?rest_route=%2Fwp%2Fv2%2Fcategories&post=35178"},{"taxonomy":"post_tag","embeddable":true,"href":"https:\/\/elconspirador.com.mx\/index.php?rest_route=%2Fwp%2Fv2%2Ftags&post=35178"}],"curies":[{"name":"wp","href":"https:\/\/api.w.org\/{rel}","templated":true}]}}