{"id":35181,"date":"2023-10-11T06:56:31","date_gmt":"2023-10-11T12:56:31","guid":{"rendered":"https:\/\/elconspirador.com.mx\/?p=35181"},"modified":"2023-10-11T06:56:31","modified_gmt":"2023-10-11T12:56:31","slug":"lanza-la-capital-convocatoria-para-jovenes-en-el-cabildo","status":"publish","type":"post","link":"https:\/\/elconspirador.com.mx\/?p=35181","title":{"rendered":"LANZA LA CAPITAL CONVOCATORIA PARA J\u00d3VENES EN EL CABILDO"},"content":{"rendered":"<p>&nbsp;<\/p>\n<p>Con la finalidad de acercar e interesar a las y los j\u00f3venes en las actividades que realiza el Ayuntamiento de Quer\u00e9taro, el Secretario del Ayuntamiento, Jes\u00fas Roberto Franco Gonz\u00e1lez acompa\u00f1\u00f3 a las y los Regidores de la Comisi\u00f3n de Asuntos de la Juventud, en el lanzamiento de la convocatoria para el proyecto, \u201cJ\u00f3venes en el Cabildo 2023\u201d que est\u00e1 abierta a partir de hoy y hasta el 30 de octubre.<\/p>\n<p>\u201cTenemos como objetivo que los j\u00f3venes de entre 16 a 23 a\u00f1os conozcan las facultades y las obligaciones de la Presidencia Municipal, de la Secretar\u00eda del Ayuntamiento, de las y los Regidores y de los S\u00edndicos del Honorable Ayuntamiento. Tambi\u00e9n que conozcan la operatividad del Ayuntamiento en su conjunto; que se acerquen a la cultura de la democracia y promover entre las juventudes la importancia de participar activamente en las decisiones gubernamentales\u201d, precis\u00f3 la Regidora Mar\u00eda del Carmen Presa Ortega, Presidenta de la Comisi\u00f3n de Asuntos de la Juventud.<\/p>\n<p>Entre los requisitos est\u00e1n: tener entre 16 y 23 a\u00f1os; ser residente del Municipio de Quer\u00e9taro, y elaborar un posicionamiento acerca de una idea o necesidad con la que busquen contribuir a mejorar su colonia o comunidad, bajo las tem\u00e1ticas de Hacienda, Patrimonio y Cuenta P\u00fablica; Obras y Servicios P\u00fablicos; Educaci\u00f3n y Cultura; Desarrollo Urbano y Ecolog\u00eda; Salud P\u00fablica; Desarrollo Agropecuario y Econ\u00f3mico; Gobernaci\u00f3n; Combate a la Corrupci\u00f3n; Asuntos de la Juventud; Turismo; de la Mujer; Desarrollo Humano y Social; Igualdad de G\u00e9nero y Derechos Humanos; Movilidad; de la Familia; del deporte; Asuntos Ind\u00edgenas; Atenci\u00f3n de las Migraciones o Participaci\u00f3n Ciudadana.<\/p>\n<p>Los documentos requeridos para el registro son: identificaci\u00f3n oficial o credencial escolar vigente, (en caso de ser menores de edad, una carta de autorizaci\u00f3n de los padres o tutores dirigida a la Comisi\u00f3n de Asuntos de la Juventud del H. Ayuntamiento de Quer\u00e9taro); comprobante de domicilio del Municipio de Quer\u00e9taro con vigencia no mayor a tres meses; llenar una c\u00e9dula de inscripci\u00f3n que podr\u00e1 descargarse en el enlace: https:\/\/n9.cl\/krzb7; as\u00ed como la presentaci\u00f3n del posicionamiento antes referido en un documento no mayor a dos cuartillas con letra Arial n\u00famero 12, interlineado de 1.5 y m\u00e1rgenes normales. As\u00ed como t\u00edtulo, introducci\u00f3n, desarrollo del contenido, conclusi\u00f3n y referencias bibliogr\u00e1ficas.<\/p>\n<p>En su oportunidad, la Regidora Mar\u00eda Concepci\u00f3n Res\u00e9ndiz Rodr\u00edguez puntualiz\u00f3 que las y los j\u00f3venes interesados deber\u00e1n enviar su documentaci\u00f3n en formato PDF al correo electr\u00f3nico: diana.cuevas@municipiodequeretaro.gob.mx, a trav\u00e9s del sitio: https:\/\/forms.gle\/TSqZ15C39EcWuRkz7 o bien, acudir a las oficinas de las y los Regidores ubicadas en el tercer piso del Centro C\u00edvico de Quer\u00e9taro.<\/p>\n<p>Finalmente, el Regidor Jos\u00e9 Manuel S\u00e1nchez Nieto indic\u00f3 que tras la recepci\u00f3n de la documentaci\u00f3n el Comit\u00e9 Evaluador ser\u00e1 el encargado de seleccionar a las y los 17 j\u00f3venes que participar\u00e1n en una Sesi\u00f3n Simulada de Cabildo que se llevar\u00e1 a cabo de manera presencial y para la cual, recibir\u00e1n previamente una capacitaci\u00f3n.<\/p>\n","protected":false},"excerpt":{"rendered":"<p>&nbsp; Con la finalidad de acercar e interesar a las y los j\u00f3venes en las actividades que realiza el Ayuntamiento de Quer\u00e9taro, el Secretario del Ayuntamiento, Jes\u00fas Roberto Franco Gonz\u00e1lez acompa\u00f1\u00f3 a las y los Regidores de la Comisi\u00f3n de Asuntos de la Juventud, en el lanzamiento de la convocatoria para el proyecto, \u201cJ\u00f3venes en el Cabildo 2023\u201d que est\u00e1<\/p>\n<div class=\"h10\"><\/div>\n<p><a class=\"more-link2 flat\" href=\"https:\/\/elconspirador.com.mx\/?p=35181\">Leer m\u00e1s<\/a><\/p>\n","protected":false},"author":1,"featured_media":35182,"comment_status":"open","ping_status":"open","sticky":false,"template":"","format":"standard","meta":{"om_disable_all_campaigns":false,"_uf_show_specific_survey":0,"_uf_disable_surveys":false},"categories":[1],"tags":[],"aioseo_notices":[],"_links":{"self":[{"href":"https:\/\/elconspirador.com.mx\/index.php?rest_route=\/wp\/v2\/posts\/35181"}],"collection":[{"href":"https:\/\/elconspirador.com.mx\/index.php?rest_route=\/wp\/v2\/posts"}],"about":[{"href":"https:\/\/elconspirador.com.mx\/index.php?rest_route=\/wp\/v2\/types\/post"}],"author":[{"embeddable":true,"href":"https:\/\/elconspirador.com.mx\/index.php?rest_route=\/wp\/v2\/users\/1"}],"replies":[{"embeddable":true,"href":"https:\/\/elconspirador.com.mx\/index.php?rest_route=%2Fwp%2Fv2%2Fcomments&post=35181"}],"version-history":[{"count":1,"href":"https:\/\/elconspirador.com.mx\/index.php?rest_route=\/wp\/v2\/posts\/35181\/revisions"}],"predecessor-version":[{"id":35183,"href":"https:\/\/elconspirador.com.mx\/index.php?rest_route=\/wp\/v2\/posts\/35181\/revisions\/35183"}],"wp:featuredmedia":[{"embeddable":true,"href":"https:\/\/elconspirador.com.mx\/index.php?rest_route=\/wp\/v2\/media\/35182"}],"wp:attachment":[{"href":"https:\/\/elconspirador.com.mx\/index.php?rest_route=%2Fwp%2Fv2%2Fmedia&parent=35181"}],"wp:term":[{"taxonomy":"category","embeddable":true,"href":"https:\/\/elconspirador.com.mx\/index.php?rest_route=%2Fwp%2Fv2%2Fcategories&post=35181"},{"taxonomy":"post_tag","embeddable":true,"href":"https:\/\/elconspirador.com.mx\/index.php?rest_route=%2Fwp%2Fv2%2Ftags&post=35181"}],"curies":[{"name":"wp","href":"https:\/\/api.w.org\/{rel}","templated":true}]}}