{"id":35190,"date":"2023-10-09T16:42:28","date_gmt":"2023-10-09T22:42:28","guid":{"rendered":"https:\/\/elconspirador.com.mx\/?p=35190"},"modified":"2023-10-09T16:42:28","modified_gmt":"2023-10-09T22:42:28","slug":"equipan-3-estaciones-de-5-de-febrero","status":"publish","type":"post","link":"https:\/\/elconspirador.com.mx\/?p=35190","title":{"rendered":"EQUIPAN 3 ESTACIONES DE 5 DE FEBRERO"},"content":{"rendered":"<p>Tras la recepci\u00f3n de las paradas de avenida 5 de Febrero, la Agencia de Movilidad ya concluy\u00f3 con el equipamiento de tres de \u00e9stas.<\/p>\n<p>De acuerdo con el titular de la dependencia, Gerardo Cuanalo Santos, esta misma semana se podr\u00eda terminar de equipar las siete paradas.<\/p>\n<p>&#8220;Ya tenemos pr\u00e1cticamente tres estaciones terminadas en su totalidad y seguramente esta semana terminaremos con el equipamiento de las otras cuatro&#8221;.<\/p>\n<p>Cuanalo Santos record\u00f3 que se invertir\u00e1n 20 millones para el equipamiento, consiste en cajeros, puertas autom\u00e1ticas, sensores y puertas de servicio.<\/p>\n<p>&#8220;En cuanto se garantice el uso seguro de los usuarios ya se puedan implementar y abrir los carriles confinados, pero pr\u00e1cticamente tenemos el mes de noviembre&#8221;.<\/p>\n","protected":false},"excerpt":{"rendered":"<p>Tras la recepci\u00f3n de las paradas de avenida 5 de Febrero, la Agencia de Movilidad ya concluy\u00f3 con el equipamiento de tres de \u00e9stas. De acuerdo con el titular de la dependencia, Gerardo Cuanalo Santos, esta misma semana se podr\u00eda terminar de equipar las siete paradas. &#8220;Ya tenemos pr\u00e1cticamente tres estaciones terminadas en su totalidad y seguramente esta semana terminaremos<\/p>\n<div class=\"h10\"><\/div>\n<p><a class=\"more-link2 flat\" href=\"https:\/\/elconspirador.com.mx\/?p=35190\">Leer m\u00e1s<\/a><\/p>\n","protected":false},"author":1,"featured_media":35191,"comment_status":"open","ping_status":"open","sticky":false,"template":"","format":"standard","meta":{"om_disable_all_campaigns":false,"_uf_show_specific_survey":0,"_uf_disable_surveys":false},"categories":[1],"tags":[],"aioseo_notices":[],"_links":{"self":[{"href":"https:\/\/elconspirador.com.mx\/index.php?rest_route=\/wp\/v2\/posts\/35190"}],"collection":[{"href":"https:\/\/elconspirador.com.mx\/index.php?rest_route=\/wp\/v2\/posts"}],"about":[{"href":"https:\/\/elconspirador.com.mx\/index.php?rest_route=\/wp\/v2\/types\/post"}],"author":[{"embeddable":true,"href":"https:\/\/elconspirador.com.mx\/index.php?rest_route=\/wp\/v2\/users\/1"}],"replies":[{"embeddable":true,"href":"https:\/\/elconspirador.com.mx\/index.php?rest_route=%2Fwp%2Fv2%2Fcomments&post=35190"}],"version-history":[{"count":1,"href":"https:\/\/elconspirador.com.mx\/index.php?rest_route=\/wp\/v2\/posts\/35190\/revisions"}],"predecessor-version":[{"id":35192,"href":"https:\/\/elconspirador.com.mx\/index.php?rest_route=\/wp\/v2\/posts\/35190\/revisions\/35192"}],"wp:featuredmedia":[{"embeddable":true,"href":"https:\/\/elconspirador.com.mx\/index.php?rest_route=\/wp\/v2\/media\/35191"}],"wp:attachment":[{"href":"https:\/\/elconspirador.com.mx\/index.php?rest_route=%2Fwp%2Fv2%2Fmedia&parent=35190"}],"wp:term":[{"taxonomy":"category","embeddable":true,"href":"https:\/\/elconspirador.com.mx\/index.php?rest_route=%2Fwp%2Fv2%2Fcategories&post=35190"},{"taxonomy":"post_tag","embeddable":true,"href":"https:\/\/elconspirador.com.mx\/index.php?rest_route=%2Fwp%2Fv2%2Ftags&post=35190"}],"curies":[{"name":"wp","href":"https:\/\/api.w.org\/{rel}","templated":true}]}}