{"id":35202,"date":"2023-10-09T14:24:37","date_gmt":"2023-10-09T20:24:37","guid":{"rendered":"https:\/\/elconspirador.com.mx\/?p=35202"},"modified":"2023-10-09T14:24:37","modified_gmt":"2023-10-09T20:24:37","slug":"kuri-presenta-queretaro-sin-pobreza","status":"publish","type":"post","link":"https:\/\/elconspirador.com.mx\/?p=35202","title":{"rendered":"KURI PRESENTA \u201cQUER\u00c9TARO SIN POBREZA\u201d"},"content":{"rendered":"<p class=\"s6\"><span class=\"s7\"><span class=\"bumpedFont15\">Con determinaci\u00f3n y unidad, lograremos un futuro m\u00e1s pr\u00f3spero y equitativo para todas y todos, <\/span><\/span><span class=\"s7\"><span class=\"bumpedFont15\">afirm\u00f3<\/span><\/span><span class=\"s7\"><span class=\"bumpedFont15\"> el gobernador, Mauricio Kuri Gonz\u00e1lez<\/span><\/span><span class=\"s7\"><span class=\"bumpedFont15\">,<\/span><\/span><span class=\"s7\"><span class=\"bumpedFont15\"> al <\/span><\/span><span class=\"s7\"><span class=\"bumpedFont15\">presentar el plan <\/span><\/span><span class=\"s7\"><span class=\"bumpedFont15\">\u201cQuer\u00e9taro sin Pobreza\u201d<\/span><\/span><span class=\"s7\"><span class=\"bumpedFont15\">, <\/span><\/span><span class=\"s7\"><span class=\"bumpedFont15\">el cual <\/span><\/span><span class=\"s7\"><span class=\"bumpedFont15\">contempla<\/span><\/span> <span class=\"s7\"><span class=\"bumpedFont15\">la <\/span><\/span><span class=\"s7\"><span class=\"bumpedFont15\">\u201cE<\/span><\/span><span class=\"s7\"><span class=\"bumpedFont15\">strategia<\/span><\/span><span class=\"s7\"><span class=\"bumpedFont15\"> de Desarrollo <\/span><\/span><span class=\"s7\"><span class=\"bumpedFont15\">Quer\u00e9taro 2023 &#8211; 2027\u201d<\/span><\/span><span class=\"s7\"><span class=\"bumpedFont15\">.<\/span><\/span><\/p>\n<p class=\"s6\">\n<p class=\"s6\"><span class=\"s7\"><span class=\"bumpedFont15\">Durante su mensaje, el<\/span><\/span><span class=\"s7\"><span class=\"bumpedFont15\"> mandatario estatal <\/span><\/span><span class=\"s7\"><span class=\"bumpedFont15\">reiter\u00f3 que la \u00fanica forma de luchar contra la pobreza es<\/span><\/span><span class=\"s7\"><span class=\"bumpedFont15\"> a trav\u00e9s del empleo formal<\/span><\/span><span class=\"s7\"><span class=\"bumpedFont15\">, que las empresas sigan llegando a la entidad<\/span><\/span><span class=\"s7\"><span class=\"bumpedFont15\">y que el crecimiento econ\u00f3mico no se detenga.<\/span><\/span><\/p>\n<p class=\"s6\">\n<p class=\"s6\"><span class=\"s7\"><span class=\"bumpedFont15\">\u201cEs el empleo formal a lo que le tenemos que apostar; porque teniendo empleo formal tienes acceso a la salud, acceso a la seguridad social, acceso a <\/span><\/span><span class=\"s7\"><span class=\"bumpedFont15\">un<\/span><\/span><span class=\"s7\"><span class=\"bumpedFont15\"> salario digno; y por supuesto, a la identidad de tener trabajo\u201d<\/span><\/span><span class=\"s7\"><span class=\"bumpedFont15\">, apunt\u00f3. <\/span><\/span><\/p>\n<p class=\"s6\">\n<p class=\"s6\"><span class=\"s7\"><span class=\"bumpedFont15\">Record\u00f3 <\/span><\/span><span class=\"s7\"><span class=\"bumpedFont15\">que<\/span><\/span><span class=\"s7\"><span class=\"bumpedFont15\"> gracias al esfuerzo conjunto<\/span><\/span><span class=\"s7\"><span class=\"bumpedFont15\">, <\/span><\/span><span class=\"s7\"><span class=\"bumpedFont15\">en <\/span><\/span><span class=\"s7\"><span class=\"bumpedFont15\">su administraci\u00f3n <\/span><\/span><span class=\"s7\"><span class=\"bumpedFont15\">m\u00e1s de 200 mil personas <\/span><\/span><span class=\"s7\"><span class=\"bumpedFont15\">han dejado<\/span><\/span> <span class=\"s7\"><span class=\"bumpedFont15\">la <\/span><\/span><span class=\"s7\"><span class=\"bumpedFont15\">pobreza<\/span><\/span><span class=\"s7\"><span class=\"bumpedFont15\">, lo que representa una reducci\u00f3n <\/span><\/span><span class=\"s7\"><span class=\"bumpedFont15\">del 30 por ciento de la<\/span><\/span><span class=\"s7\"><span class=\"bumpedFont15\"> poblaci\u00f3n<\/span><\/span><span class=\"s7\"><span class=\"bumpedFont15\"> que viv\u00eda en esta <\/span><\/span><span class=\"s7\"><span class=\"bumpedFont15\">situaci\u00f3n;<\/span><\/span><span class=\"s7\"><span class=\"bumpedFont15\"> y en cuanto a <\/span><\/span><span class=\"s7\"><span class=\"bumpedFont15\">pobreza extrema, <\/span><\/span><span class=\"s7\"><span class=\"bumpedFont15\">expres\u00f3 que <\/span><\/span><span class=\"s7\"><span class=\"bumpedFont15\">27 mil personas dejaron esta condici\u00f3n,<\/span><\/span><span class=\"s7\"><span class=\"bumpedFont15\"> que representa<\/span><\/span><span class=\"s7\"><span class=\"bumpedFont15\"> el<\/span><\/span><span class=\"s7\"><span class=\"bumpedFont15\"> 40<\/span><\/span> <span class=\"s7\"><span class=\"bumpedFont15\">por ciento <\/span><\/span><span class=\"s7\"><span class=\"bumpedFont15\">de quienes <\/span><\/span><span class=\"s7\"><span class=\"bumpedFont15\">viv\u00eda<\/span><\/span><span class=\"s7\"><span class=\"bumpedFont15\">n<\/span><\/span><span class=\"s7\"><span class=\"bumpedFont15\">en <\/span><\/span><span class=\"s7\"><span class=\"bumpedFont15\">este estado<\/span><\/span><span class=\"s7\"><span class=\"bumpedFont15\">. <\/span><\/span><\/p>\n<p class=\"s6\">\n<p class=\"s6\"><span class=\"s7\"><span class=\"bumpedFont15\">El Gobernador <\/span><\/span><span class=\"s7\"><span class=\"bumpedFont15\">ponder\u00f3 que a trav\u00e9s del plan<\/span><\/span> <span class=\"s7\"><span class=\"bumpedFont15\">\u201cQu<\/span><\/span><span class=\"s7\"><span class=\"bumpedFont15\">er\u00e9taro sin Pobreza\u201d <\/span><\/span><span class=\"s7\"><span class=\"bumpedFont15\">se hace un llamado<\/span><\/span><span class=\"s7\"><span class=\"bumpedFont15\"> a<\/span><\/span> <span class=\"s7\"><span class=\"bumpedFont15\">la acci\u00f3n, a trabajar <\/span><\/span><span class=\"s7\"><span class=\"bumpedFont15\">en unidad<\/span><\/span><span class=\"s7\"><span class=\"bumpedFont15\">y<\/span><\/span> <span class=\"s7\"><span class=\"bumpedFont15\">a <\/span><\/span><span class=\"s7\"><span class=\"bumpedFont15\">construir un estado donde cada persona tenga la oportunidad de alcanzar su m\u00e1ximo potencial.<\/span><\/span><\/p>\n<p class=\"s6\">\n<p class=\"s6\"><span class=\"s7\"><span class=\"bumpedFont15\">\u201c<\/span><\/span><span class=\"s7\"><span class=\"bumpedFont15\">Por eso creemos en ese Quer\u00e9taro generoso, en ese Quer\u00e9taro que nos damos; y ese Quer\u00e9taro que gracias a que ha habido continuidad de buenos gobiernos, continuidad de gente buena que ha llegado<\/span><\/span><span class=\"s7\"><span class=\"bumpedFont15\">,<\/span><\/span><span class=\"s7\"><span class=\"bumpedFont15\"> ha sido lo que es el d\u00eda de hoy, que es, sin lugar a dudas, el ejemplo nacional\u201d<\/span><\/span><span class=\"s7\"><span class=\"bumpedFont15\">, concluy\u00f3.<\/span><\/span><\/p>\n<p class=\"s6\">\n<p class=\"s6\"><span class=\"s7\"><span class=\"bumpedFont15\">En su intervenci\u00f3n, el secretario de Desarrollo Social, Agust\u00edn Dorantes L\u00e1mbarri, <\/span><\/span><span class=\"s7\"><span class=\"bumpedFont15\">detall\u00f3 <\/span><\/span><span class=\"s7\"><span class=\"bumpedFont15\">que <\/span><\/span><span class=\"s7\"><span class=\"bumpedFont15\">el plan considera <\/span><\/span><span class=\"s7\"><span class=\"bumpedFont15\">mesas de coordinaci\u00f3n estatal<\/span><\/span> <span class=\"s7\"><span class=\"bumpedFont15\">en las que participar\u00e1n<\/span><\/span><span class=\"s7\"><span class=\"bumpedFont15\">, adem\u00e1s de su <\/span><\/span><span class=\"s7\"><span class=\"bumpedFont15\">dependencia,<\/span><\/span><span class=\"s7\"><span class=\"bumpedFont15\"> la<\/span><\/span><span class=\"s7\"><span class=\"bumpedFont15\">s<\/span><\/span><span class=\"s7\"><span class=\"bumpedFont15\"> Secretar\u00ed<\/span><\/span><span class=\"s7\"><span class=\"bumpedFont15\">as<\/span><\/span><span class=\"s7\"><span class=\"bumpedFont15\"> de Planeaci\u00f3n<\/span><\/span><span class=\"s7\"><span class=\"bumpedFont15\"> y Participaci\u00f3n Ciudadana<\/span><\/span><span class=\"s7\"><span class=\"bumpedFont15\">; <\/span><\/span><span class=\"s7\"><span class=\"bumpedFont15\">de Finanzas<\/span><\/span><span class=\"s7\"><span class=\"bumpedFont15\">, <\/span><\/span><span class=\"s7\"><span class=\"bumpedFont15\">y otras<\/span><\/span><span class=\"s7\"><span class=\"bumpedFont15\">, con la finalidad<\/span><\/span><span class=\"s7\"><span class=\"bumpedFont15\"> de establecer acciones conjuntas, fijar objetivos<\/span><\/span><span class=\"s7\"><span class=\"bumpedFont15\"> y <\/span><\/span><span class=\"s7\"><span class=\"bumpedFont15\">pone<\/span><\/span><span class=\"s7\"><span class=\"bumpedFont15\">r <\/span><\/span><span class=\"s7\"><span class=\"bumpedFont15\">indicadores<\/span><\/span><span class=\"s7\"><span class=\"bumpedFont15\">.<\/span><\/span><\/p>\n<p class=\"s6\">\n<p class=\"s6\"><span class=\"s7\"><span class=\"bumpedFont15\">Precis\u00f3 que<\/span><\/span><span class=\"s7\"><span class=\"bumpedFont15\"> en un esfuerzo permanente se<\/span><\/span><span class=\"s7\"><span class=\"bumpedFont15\"> impulsar\u00e1n estrategias focalizadas<\/span><\/span><span class=\"s7\"><span class=\"bumpedFont15\"> y<\/span><\/span><span class=\"s7\"><span class=\"bumpedFont15\"> se har\u00e1 buen uso <\/span><\/span><span class=\"s7\"><span class=\"bumpedFont15\">del gasto en zonas prioritarias de la entidad<\/span><\/span><span class=\"s7\"><span class=\"bumpedFont15\">; mientras que <\/span><\/span><span class=\"s7\"><span class=\"bumpedFont15\">las <\/span><\/span><span class=\"s7\"><span class=\"bumpedFont15\">primeras acciones<\/span><\/span><span class=\"s7\"><span class=\"bumpedFont15\">deber\u00e1n ejecutarse <\/span><\/span><span class=\"s7\"><span class=\"bumpedFont15\">antes de agosto de 2024<\/span><\/span><span class=\"s7\"><span class=\"bumpedFont15\">. <\/span><\/span><\/p>\n<p class=\"s6\">\n<p class=\"s6\"><span class=\"s7\"><span class=\"bumpedFont15\">El funcionario estatal explic\u00f3 que en <\/span><\/span><span class=\"s7\"><span class=\"bumpedFont15\">educaci\u00f3n, el objetivo <\/span><\/span><span class=\"s7\"><span class=\"bumpedFont15\">es que todas y todos los ni\u00f1os y j\u00f3venes <\/span><\/span><span class=\"s7\"><span class=\"bumpedFont15\">con deseos de estudiar, puedan hacerlo. <\/span><\/span><span class=\"s7\"><span class=\"bumpedFont15\">En salud y seguridad social, que la poblaci\u00f3n sepa que tiene <\/span><\/span><span class=\"s7\"><span class=\"bumpedFont15\">estos derechos <\/span><\/span><span class=\"s7\"><span class=\"bumpedFont15\">y que el crecimiento econ\u00f3mico llegue a cada rinc\u00f3n del estado.<\/span><\/span> <span class=\"s7\"><span class=\"bumpedFont15\">En<\/span><\/span><span class=\"s7\"><span class=\"bumpedFont15\"> materia de<\/span><\/span><span class=\"s7\"><span class=\"bumpedFont15\">vivienda, <\/span><\/span><span class=\"s7\"><span class=\"bumpedFont15\">indic\u00f3 que <\/span><\/span><span class=\"s7\"><span class=\"bumpedFont15\">la meta <\/span><\/span><span class=\"s7\"><span class=\"bumpedFont15\">es <\/span><\/span><span class=\"s7\"><span class=\"bumpedFont15\">que todas las familias cuenten con un hogar digno.<\/span><\/span><span class=\"s7\"><span class=\"bumpedFont15\"> Y en<\/span><\/span><span class=\"s7\"><span class=\"bumpedFont15\"> alimentaci\u00f3n, <\/span><\/span><span class=\"s7\"><span class=\"bumpedFont15\">que toda la poblaci\u00f3n <\/span><\/span><span class=\"s7\"><span class=\"bumpedFont15\">pueda nutrirse de manera sana, variada y suficiente.<\/span><\/span><\/p>\n<p class=\"s6\">\n<p class=\"s6\"><span class=\"s7\"><span class=\"bumpedFont15\">\u201cSomos un solo equipo por Quer\u00e9taro. La estrategia es reducir las carencias, empoderar a las personas, desarrollar habilidades y desarrollar capacidades. Que cada peso invertido en la pol\u00edtica social, sea de la mejor forma posible, con inteligencia y con honestidad\u201d<\/span><\/span><span class=\"s7\"><span class=\"bumpedFont15\">, subray\u00f3<\/span><\/span><span class=\"s7\"><span class=\"bumpedFont15\">. <\/span><\/span><\/p>\n<p class=\"s6\">\n<p class=\"s6\"><span class=\"s7\"><span class=\"bumpedFont15\">A su vez<\/span><\/span><span class=\"s7\"><span class=\"bumpedFont15\">, Jos\u00e9 Antonio Meade Kuribre\u00f1a,<\/span><\/span><span class=\"s7\"><span class=\"bumpedFont15\"> invitado especial del evento, <\/span><\/span><span class=\"s7\"><span class=\"bumpedFont15\">manifest\u00f3 que el pla<\/span><\/span><span class=\"s7\"><span class=\"bumpedFont15\">n \u201cQuer\u00e9taro sin Pobreza\u201d es la estrategia<\/span><\/span><span class=\"s7\"><span class=\"bumpedFont15\"> base para <\/span><\/span><span class=\"s7\"><span class=\"bumpedFont15\">mejorar la calidad de vida de la poblaci\u00f3n. <\/span><\/span><\/p>\n<p class=\"s6\">\n<p class=\"s6\"><span class=\"s7\"><span class=\"bumpedFont15\">\u201cEs la forma correcta de darle vida a la invitaci\u00f3n que el gobernador Kuri <\/span><\/span><span class=\"s7\"><span class=\"bumpedFont15\">hac\u00eda<\/span><\/span><span class=\"s7\"><span class=\"bumpedFont15\"> desde el principio: que todos juntos trabajen por Quer\u00e9taro. Para abatir la pobreza es necesario que los tres <\/span><\/span><span class=\"s7\"><span class=\"bumpedFont15\">\u00f3rdenes<\/span><\/span><span class=\"s7\"><span class=\"bumpedFont15\"> de gobierno, los empresarios, la sociedad civil, todos<\/span><\/span><span class=\"s7\"><span class=\"bumpedFont15\">,<\/span><\/span> <a name=\"_GoBack\"><\/a><span class=\"s7\"><span class=\"bumpedFont15\">se sumen para combinar acciones en beneficio de las y los queretanos m\u00e1s vulnerables\u201d<\/span><\/span><span class=\"s7\"><span class=\"bumpedFont15\">, <\/span><\/span><span class=\"s7\"><span class=\"bumpedFont15\">expres\u00f3<\/span><\/span><span class=\"s7\"><span class=\"bumpedFont15\">.<\/span><\/span><\/p>\n<p class=\"s6\">\n<p class=\"s6\"><span class=\"s7\"><span class=\"bumpedFont15\">Finalmente<\/span><\/span><span class=\"s7\"><span class=\"bumpedFont15\">, aprovech\u00f3 la ocasi\u00f3n para reconocer el trabajo de<\/span><\/span><span class=\"s7\"><span class=\"bumpedFont15\">l Gobernador de Quer\u00e9taro<\/span><\/span><span class=\"s7\"><span class=\"bumpedFont15\">, <\/span><\/span><span class=\"s7\"><span class=\"bumpedFont15\">que <\/span><\/span><span class=\"s7\"><span class=\"bumpedFont15\">se ve reflejado, dijo, en la generaci\u00f3n de empleos, mayor inversi\u00f3n, m\u00e1s empresas, acceso a la educaci\u00f3n y mejores servicios de salud.<\/span><\/span><\/p>\n<p class=\"s6\">\n<p class=\"s6\"><span class=\"s7\"><span class=\"bumpedFont15\">Cabe destacar que<\/span><\/span><span class=\"s7\"><span class=\"bumpedFont15\"> en el plan<\/span><\/span><span class=\"s7\"><span class=\"bumpedFont15\"> que ha puesto en marcha la administraci\u00f3n <\/span><\/span><span class=\"s7\"><span class=\"bumpedFont15\">se ha colaborado con un equipo de expertos en soluciones innovadoras, para construir una estrategia que cambiar\u00e1, para mejor, la vida de cientos de familias.<\/span><\/span><\/p>\n<p class=\"s6\">\n<p class=\"s6\"><span class=\"s7\"><span class=\"bumpedFont15\">El <\/span><\/span><span class=\"s7\"><span class=\"bumpedFont15\">plan \u201cQuer\u00e9taro sin Pobreza\u201d <\/span><\/span><span class=\"s7\"><span class=\"bumpedFont15\">incluye una serie de acciones cruciales para atender este tema, entre las que destacan: el diagn\u00f3stico de la evoluci\u00f3n de la pobreza multidimensional en <\/span><\/span><span class=\"s7\"><span class=\"bumpedFont15\">el estado<\/span><\/span><span class=\"s7\"><span class=\"bumpedFont15\">, y el an\u00e1lisis de las brechas sociales que se deben cerrar. Adem\u00e1s del impacto de los programas existentes a nivel federal, estatal y municipal, en la reducci\u00f3n de dichas brechas. <\/span><\/span><\/p>\n<p class=\"s6\">\n<p class=\"s6\"><span class=\"s7\"><span class=\"bumpedFont15\">Tambi\u00e9n considera<\/span><\/span> <span class=\"s7\"><span class=\"bumpedFont15\">estrategias para abordar las seis carencias sociales<\/span><\/span><span class=\"s7\"><span class=\"bumpedFont15\"> que se han <\/span><\/span><span class=\"s7\"><span class=\"bumpedFont15\">identificado<\/span><\/span><span class=\"s7\"><span class=\"bumpedFont15\">, m\u00e1s el componente de ingresos\/precios que sean viables, costo-efectivas e impactantes; un tablero de m\u00e9tricas para definir objetivos y evaluar acciones prioritarias; as\u00ed como el desarrollo de una visualizaci\u00f3n geogr\u00e1fica para identificar a la poblaci\u00f3n objetivo y evaluar el proceso de implementaci\u00f3n.<\/span><\/span><\/p>\n<p class=\"s6\">\n<p class=\"s6\"><span class=\"s7\"><span class=\"bumpedFont15\">Aunado a esto, se medir\u00e1 el progreso a trav\u00e9s de m\u00e9tricas e indicadores, y se adaptar\u00e1 la estrategia seg\u00fan los resultados y las \u00e1reas de oportunidad que se identifiquen.<\/span><\/span><\/p>\n","protected":false},"excerpt":{"rendered":"<p>Con determinaci\u00f3n y unidad, lograremos un futuro m\u00e1s pr\u00f3spero y equitativo para todas y todos, afirm\u00f3 el gobernador, Mauricio Kuri Gonz\u00e1lez, al presentar el plan \u201cQuer\u00e9taro sin Pobreza\u201d, el cual contempla la \u201cEstrategia de Desarrollo Quer\u00e9taro 2023 &#8211; 2027\u201d. Durante su mensaje, el mandatario estatal reiter\u00f3 que la \u00fanica forma de luchar contra la pobreza es a trav\u00e9s del empleo<\/p>\n<div class=\"h10\"><\/div>\n<p><a class=\"more-link2 flat\" href=\"https:\/\/elconspirador.com.mx\/?p=35202\">Leer m\u00e1s<\/a><\/p>\n","protected":false},"author":1,"featured_media":35203,"comment_status":"open","ping_status":"open","sticky":false,"template":"","format":"standard","meta":{"om_disable_all_campaigns":false,"_uf_show_specific_survey":0,"_uf_disable_surveys":false},"categories":[1],"tags":[],"aioseo_notices":[],"_links":{"self":[{"href":"https:\/\/elconspirador.com.mx\/index.php?rest_route=\/wp\/v2\/posts\/35202"}],"collection":[{"href":"https:\/\/elconspirador.com.mx\/index.php?rest_route=\/wp\/v2\/posts"}],"about":[{"href":"https:\/\/elconspirador.com.mx\/index.php?rest_route=\/wp\/v2\/types\/post"}],"author":[{"embeddable":true,"href":"https:\/\/elconspirador.com.mx\/index.php?rest_route=\/wp\/v2\/users\/1"}],"replies":[{"embeddable":true,"href":"https:\/\/elconspirador.com.mx\/index.php?rest_route=%2Fwp%2Fv2%2Fcomments&post=35202"}],"version-history":[{"count":1,"href":"https:\/\/elconspirador.com.mx\/index.php?rest_route=\/wp\/v2\/posts\/35202\/revisions"}],"predecessor-version":[{"id":35204,"href":"https:\/\/elconspirador.com.mx\/index.php?rest_route=\/wp\/v2\/posts\/35202\/revisions\/35204"}],"wp:featuredmedia":[{"embeddable":true,"href":"https:\/\/elconspirador.com.mx\/index.php?rest_route=\/wp\/v2\/media\/35203"}],"wp:attachment":[{"href":"https:\/\/elconspirador.com.mx\/index.php?rest_route=%2Fwp%2Fv2%2Fmedia&parent=35202"}],"wp:term":[{"taxonomy":"category","embeddable":true,"href":"https:\/\/elconspirador.com.mx\/index.php?rest_route=%2Fwp%2Fv2%2Fcategories&post=35202"},{"taxonomy":"post_tag","embeddable":true,"href":"https:\/\/elconspirador.com.mx\/index.php?rest_route=%2Fwp%2Fv2%2Ftags&post=35202"}],"curies":[{"name":"wp","href":"https:\/\/api.w.org\/{rel}","templated":true}]}}