{"id":35223,"date":"2023-10-10T10:19:08","date_gmt":"2023-10-10T16:19:08","guid":{"rendered":"https:\/\/elconspirador.com.mx\/?p=35223"},"modified":"2023-10-10T10:19:08","modified_gmt":"2023-10-10T16:19:08","slug":"habra-mega-jornada-de-recoleccion-de-residuos-solidos","status":"publish","type":"post","link":"https:\/\/elconspirador.com.mx\/?p=35223","title":{"rendered":"HABR\u00c1 MEGA JORNADA DE RECOLECCI\u00d3N DE RES\u00cdDUOS S\u00d3LIDOS"},"content":{"rendered":"<p>El pr\u00f3ximo 21 de octubre se llevar\u00e1 a cabo una mega jornada de acopio de residuos de manejo especial en centros de acopio y en las siete delegaciones del municipio de Quer\u00e9taro, en horario de 9:00 a 15:00 horas.<\/p>\n<p>Luis Bernardo Nava Guerrero, presidente municipal de Quer\u00e9taro, detall\u00f3 que se recibir\u00e1n equipos de c\u00f3mputo, multifuncionales, electrodom\u00e9sticos y otros residuos como l\u00e1mparas fluorescentes y pilas.<\/p>\n<p>Nava Guerrero agreg\u00f3 que, adem\u00e1s, se cuenta con 150 puntos dobles de papeleras solares y m\u00e1s de 18 mil 500 puntos de papeleras cibeles y mixtas para que la gente deposite sus desechos.<\/p>\n<p>\u201cFalta mucho por hacer, esta tarea nos involucra a todas y todos, y estoy seguro que lo podemos hacer primero reduciendo los desechos, que los desechos sean debidamente separados para su revalorizaci\u00f3n y que, si todos y todas hacemos lo que nos toca, designemos menos recursos para limpiar la ciudad\u201d, apunt\u00f3.<\/p>\n<p>En tanto, Alejandra Haro de la Torre, secretaria de servicios p\u00fablicos de la capital, mencion\u00f3 que se han realizado 11 mega jornadas de acopio de residuos de manejo especial en las que se han recolectado m\u00e1s de 240 toneladas de residuos el\u00e9ctricos y electr\u00f3nicos, m\u00e1s de 10 toneladas de residuos peligrosos y alrededor de siete mil 700 llantas de desecho.<\/p>\n<p>Por a\u00f1o, en 2021 se recolectaron m\u00e1s de 130 toneladas de el\u00e9ctricos y electr\u00f3nicos, 5.1 toneladas de residuos peligrosos y tres mil 376 llantas; en 2022 fueron 75.4 toneladas de el\u00e9ctricos y electr\u00f3nicos, 4.3 toneladas de residuos peligrosos y dos mil 500 llantas.<\/p>\n<p>Mientras que en 2023 fueron 36.4 toneladas de el\u00e9ctricos y electr\u00f3nicos, casi 900 kilogramos de pilas y cerca de mil 900 llantas de desecho, adem\u00e1s de que este a\u00f1o se recuperaron 4.28 toneladas en contenedores permanentes ubicados en Arteaga 198, colonia Centro, y en el estacionamiento de Centro C\u00edvico.<\/p>\n","protected":false},"excerpt":{"rendered":"<p>El pr\u00f3ximo 21 de octubre se llevar\u00e1 a cabo una mega jornada de acopio de residuos de manejo especial en centros de acopio y en las siete delegaciones del municipio de Quer\u00e9taro, en horario de 9:00 a 15:00 horas. Luis Bernardo Nava Guerrero, presidente municipal de Quer\u00e9taro, detall\u00f3 que se recibir\u00e1n equipos de c\u00f3mputo, multifuncionales, electrodom\u00e9sticos y otros residuos como<\/p>\n<div class=\"h10\"><\/div>\n<p><a class=\"more-link2 flat\" href=\"https:\/\/elconspirador.com.mx\/?p=35223\">Leer m\u00e1s<\/a><\/p>\n","protected":false},"author":1,"featured_media":35224,"comment_status":"open","ping_status":"open","sticky":false,"template":"","format":"standard","meta":{"om_disable_all_campaigns":false,"_uf_show_specific_survey":0,"_uf_disable_surveys":false},"categories":[1],"tags":[],"aioseo_notices":[],"_links":{"self":[{"href":"https:\/\/elconspirador.com.mx\/index.php?rest_route=\/wp\/v2\/posts\/35223"}],"collection":[{"href":"https:\/\/elconspirador.com.mx\/index.php?rest_route=\/wp\/v2\/posts"}],"about":[{"href":"https:\/\/elconspirador.com.mx\/index.php?rest_route=\/wp\/v2\/types\/post"}],"author":[{"embeddable":true,"href":"https:\/\/elconspirador.com.mx\/index.php?rest_route=\/wp\/v2\/users\/1"}],"replies":[{"embeddable":true,"href":"https:\/\/elconspirador.com.mx\/index.php?rest_route=%2Fwp%2Fv2%2Fcomments&post=35223"}],"version-history":[{"count":1,"href":"https:\/\/elconspirador.com.mx\/index.php?rest_route=\/wp\/v2\/posts\/35223\/revisions"}],"predecessor-version":[{"id":35225,"href":"https:\/\/elconspirador.com.mx\/index.php?rest_route=\/wp\/v2\/posts\/35223\/revisions\/35225"}],"wp:featuredmedia":[{"embeddable":true,"href":"https:\/\/elconspirador.com.mx\/index.php?rest_route=\/wp\/v2\/media\/35224"}],"wp:attachment":[{"href":"https:\/\/elconspirador.com.mx\/index.php?rest_route=%2Fwp%2Fv2%2Fmedia&parent=35223"}],"wp:term":[{"taxonomy":"category","embeddable":true,"href":"https:\/\/elconspirador.com.mx\/index.php?rest_route=%2Fwp%2Fv2%2Fcategories&post=35223"},{"taxonomy":"post_tag","embeddable":true,"href":"https:\/\/elconspirador.com.mx\/index.php?rest_route=%2Fwp%2Fv2%2Ftags&post=35223"}],"curies":[{"name":"wp","href":"https:\/\/api.w.org\/{rel}","templated":true}]}}