{"id":35243,"date":"2023-10-11T07:49:05","date_gmt":"2023-10-11T13:49:05","guid":{"rendered":"https:\/\/elconspirador.com.mx\/?p=35243"},"modified":"2023-10-11T07:49:05","modified_gmt":"2023-10-11T13:49:05","slug":"nava-en-contra-de-que-municipios-atiendan-desastres-naturales","status":"publish","type":"post","link":"https:\/\/elconspirador.com.mx\/?p=35243","title":{"rendered":"NAVA EN CONTRA DE QUE MUNICIPIOS ATIENDAN DESASTRES NATURALES"},"content":{"rendered":"<p>El alcalde Luis Bernardo Nava Guerrero se dijo en contra de la nueva ley general de protecci\u00f3n civil y gesti\u00f3n del riesgo de desastres, propuesta por el gobierno federal.<\/p>\n<p>El alcalde lament\u00f3 que el gobierno federal busque desatenderse de los problemas que ocurren en los municipios, sobre todo de desastres naturales, esto debido a que la propuesta legislativa contempla que los estados sean los que provean recursos para atender emergencias y la reconstrucci\u00f3n.<\/p>\n<p>\u201cSiempre hemos asumido con recursos propios atender las emergencias que se han presentado; sin embargo, considero que a nivel nacional, cuando se est\u00e1n hablando de desastres naturales como los que atend\u00eda el Fondem, son distinciones catastr\u00f3ficas que se salen de un par\u00e1metro de afectaciones\u201d, precis\u00f3.<\/p>\n<p>Agreg\u00f3 que conforme se desahogue la iniciativa y que los partidos realicen su posicionamiento, considerar\u00e1 que pueda haber un pronunciamiento por parte de las ciudades capitales en torno a este tema.<\/p>\n<p>\u201cNo compartimos que el gobierno federal quiera desatenderse de la atenci\u00f3n de estos desastres naturales, por su magnitud se entiende que son desastres en donde tiene que darse el auxilio y el apoyo de parte de otras autoridades, principalmente el gobierno federal y estas medidas se activaban con el plan DN-III donde participaban las fuerzas armadas, el ej\u00e9rcito\u201d, agreg\u00f3.<\/p>\n","protected":false},"excerpt":{"rendered":"<p>El alcalde Luis Bernardo Nava Guerrero se dijo en contra de la nueva ley general de protecci\u00f3n civil y gesti\u00f3n del riesgo de desastres, propuesta por el gobierno federal. El alcalde lament\u00f3 que el gobierno federal busque desatenderse de los problemas que ocurren en los municipios, sobre todo de desastres naturales, esto debido a que la propuesta legislativa contempla que<\/p>\n<div class=\"h10\"><\/div>\n<p><a class=\"more-link2 flat\" href=\"https:\/\/elconspirador.com.mx\/?p=35243\">Leer m\u00e1s<\/a><\/p>\n","protected":false},"author":1,"featured_media":35244,"comment_status":"open","ping_status":"open","sticky":false,"template":"","format":"standard","meta":{"om_disable_all_campaigns":false,"_uf_show_specific_survey":0,"_uf_disable_surveys":false},"categories":[1],"tags":[],"aioseo_notices":[],"_links":{"self":[{"href":"https:\/\/elconspirador.com.mx\/index.php?rest_route=\/wp\/v2\/posts\/35243"}],"collection":[{"href":"https:\/\/elconspirador.com.mx\/index.php?rest_route=\/wp\/v2\/posts"}],"about":[{"href":"https:\/\/elconspirador.com.mx\/index.php?rest_route=\/wp\/v2\/types\/post"}],"author":[{"embeddable":true,"href":"https:\/\/elconspirador.com.mx\/index.php?rest_route=\/wp\/v2\/users\/1"}],"replies":[{"embeddable":true,"href":"https:\/\/elconspirador.com.mx\/index.php?rest_route=%2Fwp%2Fv2%2Fcomments&post=35243"}],"version-history":[{"count":1,"href":"https:\/\/elconspirador.com.mx\/index.php?rest_route=\/wp\/v2\/posts\/35243\/revisions"}],"predecessor-version":[{"id":35245,"href":"https:\/\/elconspirador.com.mx\/index.php?rest_route=\/wp\/v2\/posts\/35243\/revisions\/35245"}],"wp:featuredmedia":[{"embeddable":true,"href":"https:\/\/elconspirador.com.mx\/index.php?rest_route=\/wp\/v2\/media\/35244"}],"wp:attachment":[{"href":"https:\/\/elconspirador.com.mx\/index.php?rest_route=%2Fwp%2Fv2%2Fmedia&parent=35243"}],"wp:term":[{"taxonomy":"category","embeddable":true,"href":"https:\/\/elconspirador.com.mx\/index.php?rest_route=%2Fwp%2Fv2%2Fcategories&post=35243"},{"taxonomy":"post_tag","embeddable":true,"href":"https:\/\/elconspirador.com.mx\/index.php?rest_route=%2Fwp%2Fv2%2Ftags&post=35243"}],"curies":[{"name":"wp","href":"https:\/\/api.w.org\/{rel}","templated":true}]}}