{"id":35257,"date":"2023-10-10T21:03:13","date_gmt":"2023-10-11T03:03:13","guid":{"rendered":"https:\/\/elconspirador.com.mx\/?p=35257"},"modified":"2023-10-10T21:03:13","modified_gmt":"2023-10-11T03:03:13","slug":"queretaro-podria-entregar-a-sedena-drones","status":"publish","type":"post","link":"https:\/\/elconspirador.com.mx\/?p=35257","title":{"rendered":"QUER\u00c9TARO PODR\u00cdA ENTREGAR A SEDENA DRONES"},"content":{"rendered":"<p>A petici\u00f3n de la Secretar\u00eda de la Defensa Nacional (Sedena), el gobierno estatal podr\u00eda adquirir drones para otorgarlos en comodato a esa dependencia federal.<\/p>\n<p>El gobernador Mauricio Kuri Gonz\u00e1lez aclar\u00f3 que el pasado lunes sostuvo una reuni\u00f3n con mandos de la 17 Zona Militar, quienes realizaron la petici\u00f3n.<\/p>\n<p>&#8220;Parte de lo que se habl\u00f3 ayer con el general fue un par de apoyos, la verdad es que hay muy buena relaci\u00f3n&#8221;.<\/p>\n<p>Por ello aclar\u00f3 que se har\u00e1 un an\u00e1lisis del presupuesto y posteriormente se adquirir\u00e1n para ponerse en comodato para las fuerzas castrenses.<\/p>\n<p>&#8220;Estamos nada m\u00e1s viendo el presupuesto y yo no le veo mayor problema de adquirir algunos drones y darlos en comodato&#8221;.<\/p>\n","protected":false},"excerpt":{"rendered":"<p>A petici\u00f3n de la Secretar\u00eda de la Defensa Nacional (Sedena), el gobierno estatal podr\u00eda adquirir drones para otorgarlos en comodato a esa dependencia federal. El gobernador Mauricio Kuri Gonz\u00e1lez aclar\u00f3 que el pasado lunes sostuvo una reuni\u00f3n con mandos de la 17 Zona Militar, quienes realizaron la petici\u00f3n. &#8220;Parte de lo que se habl\u00f3 ayer con el general fue un<\/p>\n<div class=\"h10\"><\/div>\n<p><a class=\"more-link2 flat\" href=\"https:\/\/elconspirador.com.mx\/?p=35257\">Leer m\u00e1s<\/a><\/p>\n","protected":false},"author":1,"featured_media":35258,"comment_status":"open","ping_status":"open","sticky":false,"template":"","format":"standard","meta":{"om_disable_all_campaigns":false,"_uf_show_specific_survey":0,"_uf_disable_surveys":false},"categories":[1],"tags":[],"aioseo_notices":[],"_links":{"self":[{"href":"https:\/\/elconspirador.com.mx\/index.php?rest_route=\/wp\/v2\/posts\/35257"}],"collection":[{"href":"https:\/\/elconspirador.com.mx\/index.php?rest_route=\/wp\/v2\/posts"}],"about":[{"href":"https:\/\/elconspirador.com.mx\/index.php?rest_route=\/wp\/v2\/types\/post"}],"author":[{"embeddable":true,"href":"https:\/\/elconspirador.com.mx\/index.php?rest_route=\/wp\/v2\/users\/1"}],"replies":[{"embeddable":true,"href":"https:\/\/elconspirador.com.mx\/index.php?rest_route=%2Fwp%2Fv2%2Fcomments&post=35257"}],"version-history":[{"count":1,"href":"https:\/\/elconspirador.com.mx\/index.php?rest_route=\/wp\/v2\/posts\/35257\/revisions"}],"predecessor-version":[{"id":35259,"href":"https:\/\/elconspirador.com.mx\/index.php?rest_route=\/wp\/v2\/posts\/35257\/revisions\/35259"}],"wp:featuredmedia":[{"embeddable":true,"href":"https:\/\/elconspirador.com.mx\/index.php?rest_route=\/wp\/v2\/media\/35258"}],"wp:attachment":[{"href":"https:\/\/elconspirador.com.mx\/index.php?rest_route=%2Fwp%2Fv2%2Fmedia&parent=35257"}],"wp:term":[{"taxonomy":"category","embeddable":true,"href":"https:\/\/elconspirador.com.mx\/index.php?rest_route=%2Fwp%2Fv2%2Fcategories&post=35257"},{"taxonomy":"post_tag","embeddable":true,"href":"https:\/\/elconspirador.com.mx\/index.php?rest_route=%2Fwp%2Fv2%2Ftags&post=35257"}],"curies":[{"name":"wp","href":"https:\/\/api.w.org\/{rel}","templated":true}]}}