{"id":35264,"date":"2023-10-10T16:29:49","date_gmt":"2023-10-10T22:29:49","guid":{"rendered":"https:\/\/elconspirador.com.mx\/?p=35264"},"modified":"2023-10-10T16:30:21","modified_gmt":"2023-10-10T22:30:21","slug":"instalan-ocho-cargadores-de-vehiculos-electricos","status":"publish","type":"post","link":"https:\/\/elconspirador.com.mx\/?p=35264","title":{"rendered":"INSTALAR\u00c1N OCHO CARGADORES DE VEH\u00cdCULOS EL\u00c9CTRICOS"},"content":{"rendered":"<p>El director de la Agencia de Energ\u00eda, Mauricio Reyes Caracheo, revel\u00f3 que en ocho edificios p\u00fablicos se instalar\u00e1n cargadores para veh\u00edculos el\u00e9ctricos.<\/p>\n<p>Se trata de aparatos donados por parte de Tesla, los cuales se colocar\u00e1n en los edificios del gobierno estatal.<\/p>\n<p>&#8220;Tesla nos est\u00e1 proporcionando cargadores para veh\u00edculos y vamos a poner ocho en diferentes edificios p\u00fablicos, en este momento. Con esto iniciamos, es el inicio para motivar el uso del veh\u00edculo el\u00e9ctrico&#8221;.<\/p>\n<p>En ese sentido, aclar\u00f3 que la recarga no tendr\u00e1 alg\u00fan costo para quien lo use, pues el costo lo asumir\u00e1 cada edificio estatal, con lo cual se busca incentivar la compra de estos veh\u00edculos.<\/p>\n<p>&#8220;Es una primera etapa, conforme vayamos viendo el incremento que se d\u00e9 iremos buscando instalar m\u00e1s. Vamos a probar, no tenemos la estad\u00edstica de veh\u00edculos el\u00e9ctricos todav\u00eda&#8221;.<\/p>\n<p>En una primera etapa se planea instalar en el Centro de Congresos, auditorio Arteaga, Teatro Metropolitano, Josefa Ortiz de Dom\u00ednguez, Universidad Polit\u00e9cnica de Quer\u00e9taro, Universidad Aeron\u00e1utica y el G\u00f3mez Mor\u00edn.<\/p>\n","protected":false},"excerpt":{"rendered":"<p>El director de la Agencia de Energ\u00eda, Mauricio Reyes Caracheo, revel\u00f3 que en ocho edificios p\u00fablicos se instalar\u00e1n cargadores para veh\u00edculos el\u00e9ctricos. Se trata de aparatos donados por parte de Tesla, los cuales se colocar\u00e1n en los edificios del gobierno estatal. &#8220;Tesla nos est\u00e1 proporcionando cargadores para veh\u00edculos y vamos a poner ocho en diferentes edificios p\u00fablicos, en este momento.<\/p>\n<div class=\"h10\"><\/div>\n<p><a class=\"more-link2 flat\" href=\"https:\/\/elconspirador.com.mx\/?p=35264\">Leer m\u00e1s<\/a><\/p>\n","protected":false},"author":1,"featured_media":35265,"comment_status":"open","ping_status":"open","sticky":false,"template":"","format":"standard","meta":{"om_disable_all_campaigns":false,"_uf_show_specific_survey":0,"_uf_disable_surveys":false},"categories":[1],"tags":[],"aioseo_notices":[],"_links":{"self":[{"href":"https:\/\/elconspirador.com.mx\/index.php?rest_route=\/wp\/v2\/posts\/35264"}],"collection":[{"href":"https:\/\/elconspirador.com.mx\/index.php?rest_route=\/wp\/v2\/posts"}],"about":[{"href":"https:\/\/elconspirador.com.mx\/index.php?rest_route=\/wp\/v2\/types\/post"}],"author":[{"embeddable":true,"href":"https:\/\/elconspirador.com.mx\/index.php?rest_route=\/wp\/v2\/users\/1"}],"replies":[{"embeddable":true,"href":"https:\/\/elconspirador.com.mx\/index.php?rest_route=%2Fwp%2Fv2%2Fcomments&post=35264"}],"version-history":[{"count":2,"href":"https:\/\/elconspirador.com.mx\/index.php?rest_route=\/wp\/v2\/posts\/35264\/revisions"}],"predecessor-version":[{"id":35267,"href":"https:\/\/elconspirador.com.mx\/index.php?rest_route=\/wp\/v2\/posts\/35264\/revisions\/35267"}],"wp:featuredmedia":[{"embeddable":true,"href":"https:\/\/elconspirador.com.mx\/index.php?rest_route=\/wp\/v2\/media\/35265"}],"wp:attachment":[{"href":"https:\/\/elconspirador.com.mx\/index.php?rest_route=%2Fwp%2Fv2%2Fmedia&parent=35264"}],"wp:term":[{"taxonomy":"category","embeddable":true,"href":"https:\/\/elconspirador.com.mx\/index.php?rest_route=%2Fwp%2Fv2%2Fcategories&post=35264"},{"taxonomy":"post_tag","embeddable":true,"href":"https:\/\/elconspirador.com.mx\/index.php?rest_route=%2Fwp%2Fv2%2Ftags&post=35264"}],"curies":[{"name":"wp","href":"https:\/\/api.w.org\/{rel}","templated":true}]}}