{"id":35299,"date":"2023-10-11T11:11:21","date_gmt":"2023-10-11T17:11:21","guid":{"rendered":"https:\/\/elconspirador.com.mx\/?p=35299"},"modified":"2023-10-11T11:11:21","modified_gmt":"2023-10-11T17:11:21","slug":"exigen-justicia-para-javi-lo-asesinaron-en-un-asalto","status":"publish","type":"post","link":"https:\/\/elconspirador.com.mx\/?p=35299","title":{"rendered":"EXIGEN JUSTICIA PARA JAVI\u2026 LO ASESINARON EN UN ASALTO"},"content":{"rendered":"<p>A trav\u00e9s de las redes sociales, familiares y amigos de un joven de 23 a\u00f1os de edad identificado como Francisco Javier &#8220;A&#8221;, exigen justicia a las autoridades luego de que fuera asesinado la madrugada del pasado domingo en la capital queretana, durante un asalto d\u00f3nde lo despojaron de su tel\u00e9fono celular, 80 pesos y una cadena de plata.<\/p>\n<p>Seg\u00fan la informaci\u00f3n que pudimos conocer, Javi caminaba con dos amigos m\u00e1s la madrugada del pasado domingo, por la calle Narciso Mendoza de la colonia La Era cuando fueron sorprendidos por tres sujetos, de los cuales uno lesion\u00f3 a Javi con un cuchillo en la espalda, para despu\u00e9s despojarlos de sus pertenencias y darse a la fuga del lugar.<\/p>\n<p>El Joven de tan solo 23 a\u00f1os de edad, era estudiante de gastronom\u00eda y estaba por graduarse en Diciembre, adem\u00e1s apenas el pasado 11 de Septiembre lo habr\u00edan nombrado como embajador de la Secretar\u00eda de la Juventud del Estado de Quer\u00e9taro y era originario de Agua Zarca, Landa de Matamoros.<\/p>\n<p>De este hecho las autoridades han guardado completo hermetismo y no han dado ninguna informaci\u00f3n a la opini\u00f3n p\u00fablica, el caso se conoci\u00f3 a trav\u00e9s de las exigencias de #justiciaparajavi que se han publicado en las diferentes redes sociales, d\u00f3nde piden que el joven no sea una estad\u00edstica m\u00e1s y se de con el paradero de su asesino.<\/p>\n<p>La Fiscal\u00eda del Estado tom\u00f3 conocimiento del hecho junto con polic\u00edas municipales y ya existe la carpeta de investigaci\u00f3n correspondiente, en la cual est\u00e1n trabajando para establecer la identidad de los presuntos asaltantes y dar con su paradero para llevarlos ante la acci\u00f3n de la justicia, a\u00fan que de lo ocurrido las autoridades no dieron a conocer nada a la prensa.<\/p>\n","protected":false},"excerpt":{"rendered":"<p>A trav\u00e9s de las redes sociales, familiares y amigos de un joven de 23 a\u00f1os de edad identificado como Francisco Javier &#8220;A&#8221;, exigen justicia a las autoridades luego de que fuera asesinado la madrugada del pasado domingo en la capital queretana, durante un asalto d\u00f3nde lo despojaron de su tel\u00e9fono celular, 80 pesos y una cadena de plata. Seg\u00fan la<\/p>\n<div class=\"h10\"><\/div>\n<p><a class=\"more-link2 flat\" href=\"https:\/\/elconspirador.com.mx\/?p=35299\">Leer m\u00e1s<\/a><\/p>\n","protected":false},"author":1,"featured_media":35300,"comment_status":"open","ping_status":"open","sticky":false,"template":"","format":"standard","meta":{"om_disable_all_campaigns":false,"_uf_show_specific_survey":0,"_uf_disable_surveys":false},"categories":[1],"tags":[],"aioseo_notices":[],"_links":{"self":[{"href":"https:\/\/elconspirador.com.mx\/index.php?rest_route=\/wp\/v2\/posts\/35299"}],"collection":[{"href":"https:\/\/elconspirador.com.mx\/index.php?rest_route=\/wp\/v2\/posts"}],"about":[{"href":"https:\/\/elconspirador.com.mx\/index.php?rest_route=\/wp\/v2\/types\/post"}],"author":[{"embeddable":true,"href":"https:\/\/elconspirador.com.mx\/index.php?rest_route=\/wp\/v2\/users\/1"}],"replies":[{"embeddable":true,"href":"https:\/\/elconspirador.com.mx\/index.php?rest_route=%2Fwp%2Fv2%2Fcomments&post=35299"}],"version-history":[{"count":1,"href":"https:\/\/elconspirador.com.mx\/index.php?rest_route=\/wp\/v2\/posts\/35299\/revisions"}],"predecessor-version":[{"id":35301,"href":"https:\/\/elconspirador.com.mx\/index.php?rest_route=\/wp\/v2\/posts\/35299\/revisions\/35301"}],"wp:featuredmedia":[{"embeddable":true,"href":"https:\/\/elconspirador.com.mx\/index.php?rest_route=\/wp\/v2\/media\/35300"}],"wp:attachment":[{"href":"https:\/\/elconspirador.com.mx\/index.php?rest_route=%2Fwp%2Fv2%2Fmedia&parent=35299"}],"wp:term":[{"taxonomy":"category","embeddable":true,"href":"https:\/\/elconspirador.com.mx\/index.php?rest_route=%2Fwp%2Fv2%2Fcategories&post=35299"},{"taxonomy":"post_tag","embeddable":true,"href":"https:\/\/elconspirador.com.mx\/index.php?rest_route=%2Fwp%2Fv2%2Ftags&post=35299"}],"curies":[{"name":"wp","href":"https:\/\/api.w.org\/{rel}","templated":true}]}}