{"id":35318,"date":"2023-10-11T12:56:37","date_gmt":"2023-10-11T18:56:37","guid":{"rendered":"https:\/\/elconspirador.com.mx\/?p=35318"},"modified":"2023-10-11T12:56:37","modified_gmt":"2023-10-11T18:56:37","slug":"kuri-reconoce-igualdad-laboral","status":"publish","type":"post","link":"https:\/\/elconspirador.com.mx\/?p=35318","title":{"rendered":"KURI RECONOCE IGUALDAD LABORAL"},"content":{"rendered":"<p class=\"s6\"><span class=\"s7\"><span class=\"bumpedFont15\">E<\/span><\/span><span class=\"s7\"><span class=\"bumpedFont15\">s tiempo del protagonismo de <\/span><\/span><span class=\"s7\"><span class=\"bumpedFont15\">la mujer queretana, afirm\u00f3 el <\/span><\/span><span class=\"s7\"><span class=\"bumpedFont15\">gobernador, Mauricio Kuri Gonz\u00e1lez<\/span><\/span><span class=\"s7\"><span class=\"bumpedFont15\">,<\/span><\/span> <span class=\"s7\"><span class=\"bumpedFont15\">al encabezar la entrega <\/span><\/span><span class=\"s7\"><span class=\"bumpedFont15\">del <\/span><\/span><span class=\"s7\"><span class=\"bumpedFont15\">\u201c<\/span><\/span><span class=\"s7\"><span class=\"bumpedFont15\">Distintivo <\/span><\/span><span class=\"s7\"><span class=\"bumpedFont15\">Sin<\/span><\/span><span class=\"s7\"><span class=\"bumpedFont15\"> Brecha<\/span><\/span><span class=\"s7\"><span class=\"bumpedFont15\"> 2023<\/span><\/span><span class=\"s7\"><span class=\"bumpedFont15\">\u201d<\/span><\/span><span class=\"s7\"><span class=\"bumpedFont15\"> a <\/span><\/span><span class=\"s7\"><span class=\"bumpedFont15\">79<\/span><\/span><span class=\"s7\"><span class=\"bumpedFont15\"> empresa<\/span><\/span><span class=\"s7\"><span class=\"bumpedFont15\">rios de <\/span><\/span><span class=\"s7\"><span class=\"bumpedFont15\">la entidad<\/span><\/span> <span class=\"s7\"><span class=\"bumpedFont15\">comprometidos con la igualdad de g\u00e9nero, <\/span><\/span><span class=\"s7\"><span class=\"bumpedFont15\">qu<\/span><\/span><span class=\"s7\"><span class=\"bumpedFont15\">ienes <\/span><\/span><span class=\"s7\"><span class=\"bumpedFont15\">lograron <\/span><\/span><span class=\"s7\"><span class=\"bumpedFont15\">integrar un proyecto de buenas pr\u00e1cticas laborales al interior de sus organizaciones<\/span><\/span><span class=\"s7\"><span class=\"bumpedFont15\">. <\/span><\/span><\/p>\n<p class=\"s6\">\n<p class=\"s6\"><span class=\"s7\"><span class=\"bumpedFont15\">El <\/span><\/span><span class=\"s7\"><span class=\"bumpedFont15\">titular del Poder Ejecutivo estatal se dijo orgulloso de reconocer <\/span><\/span><span class=\"s7\"><span class=\"bumpedFont15\">a l\u00edderes <\/span><\/span><span class=\"s7\"><span class=\"bumpedFont15\">decididos a erradicar la discriminaci\u00f3n y la violencia en sus centros de trabajo<\/span><\/span><span class=\"s7\"><span class=\"bumpedFont15\">; <\/span><\/span><span class=\"s7\"><span class=\"bumpedFont15\">interesados en <\/span><\/span><span class=\"s7\"><span class=\"bumpedFont15\">promover la participaci\u00f3n de las mujeres en puestos de liderazgo y alta direcci\u00f3n, y romper con la segregaci\u00f3n ocupacional de g\u00e9nero<\/span><\/span><span class=\"s7\"><span class=\"bumpedFont15\">.<\/span><\/span><\/p>\n<p class=\"s6\">\n<p class=\"s6\"><span class=\"s7\"><span class=\"bumpedFont15\">Tambi\u00e9n a l\u00edderes dispuestos <\/span><\/span><span class=\"s7\"><span class=\"bumpedFont15\">a <\/span><\/span><span class=\"s7\"><span class=\"bumpedFont15\">implementar pr\u00e1cticas que transparenten los ingresos y concilien con la vida personal, familiar y profesional de <\/span><\/span><span class=\"s7\"><span class=\"bumpedFont15\">sus colaboradoras<\/span><\/span><span class=\"s7\"><span class=\"bumpedFont15\">;<\/span><\/span><span class=\"s7\"><span class=\"bumpedFont15\"> y a impulsar cambios <\/span><\/span><span class=\"s7\"><span class=\"bumpedFont15\">que permitan condiciones para la inclusi\u00f3n de un mayor n\u00famero de mujeres en el mercado laboral, priorizando la equidad sustantiva.<\/span><\/span><\/p>\n<p class=\"s6\">\n<p class=\"s6\"><span class=\"s7\"><span class=\"bumpedFont15\">\u201c<\/span><\/span><span class=\"s7\"><span class=\"bumpedFont15\">Reconozco las buenas pr\u00e1cticas al interior de sus empresas y <\/span><\/span><span class=\"s7\"><span class=\"bumpedFont15\">sus <\/span><\/span><span class=\"s7\"><span class=\"bumpedFont15\">administraciones<\/span><\/span><span class=\"s7\"><span class=\"bumpedFont15\">. Sabemos que hay muchas barreras laborales por derribar; pero tambi\u00e9n sabemos que, por el bien de Quer\u00e9taro y de todo M\u00e9xico, el talento de las mujeres debe iluminar todos los \u00e1mbitos de nuestra vida<\/span><\/span><span class=\"s7\"><span class=\"bumpedFont15\">\u201d, sentenci\u00f3.<\/span><\/span><\/p>\n<p class=\"s6\">\n<p class=\"s6\"><span class=\"s7\"><span class=\"bumpedFont15\">Mauricio Kuri<\/span><\/span> <span class=\"s7\"><span class=\"bumpedFont15\">expres\u00f3 que desde el primer d\u00eda de su gobierno <\/span><\/span><span class=\"s7\"><span class=\"bumpedFont15\">se asumi\u00f3<\/span><\/span><span class=\"s7\"><span class=\"bumpedFont15\"> el compromiso<\/span><\/span><span class=\"s7\"><span class=\"bumpedFont15\"> de<\/span><\/span> <span class=\"s7\"><span class=\"bumpedFont15\">escuchar a las mujeres queretanas en sus necesidades reales, acompa\u00f1arlas con mejores oportunidades, enaltecer su dignidad y <\/span><\/span><span class=\"s7\"><span class=\"bumpedFont15\">apoyarlas<\/span><\/span><span class=\"s7\"><span class=\"bumpedFont15\"> en <\/span><\/span><span class=\"s7\"><span class=\"bumpedFont15\">la defensa de sus derechos.<\/span><\/span><\/p>\n<p class=\"s6\">\n<p class=\"s6\"><span class=\"s7\"><span class=\"bumpedFont15\">\u201c<\/span><\/span><span class=\"s7\"><span class=\"bumpedFont15\">Lo subrayo: no son concesiones; hacerlo es nuestra obligaci\u00f3n. Conscientes de ello, integramos el primer gobierno paritario de la historia de Quer\u00e9taro. Porque resulta imposible llegar a un porvenir de justicia sin el talento, la energ\u00eda y la creatividad que emana de las mujeres<\/span><\/span><span class=\"s7\"><span class=\"bumpedFont15\">\u201d, manifest\u00f3.<\/span><\/span><\/p>\n<p class=\"s6\">\n<p class=\"s6\"><span class=\"s7\"><span class=\"bumpedFont15\">Reiter\u00f3 <\/span><\/span><span class=\"s7\"><span class=\"bumpedFont15\">que su administraci\u00f3n se <\/span><\/span><span class=\"s7\"><span class=\"bumpedFont15\">ha<\/span><\/span><span class=\"s7\"><span class=\"bumpedFont15\"> comprometid<\/span><\/span><span class=\"s7\"><span class=\"bumpedFont15\">o <\/span><\/span><span class=\"s7\"><span class=\"bumpedFont15\">a cumplir acciones urgentes a favor de las mujeres queretanas; incluyendo pol\u00edticas p\u00fablicas transversales, que se dirijan a empoderarlas en todos los \u00e1mbitos y sectores<\/span><\/span><span class=\"s7\"><span class=\"bumpedFont15\">, como es el caso del \u201cDistintivo Sin Brecha\u201d.<\/span><\/span><\/p>\n<p class=\"s6\">\n<p class=\"s6\"><span class=\"s7\"><span class=\"bumpedFont15\">En su oportunidad,<\/span><\/span><span class=\"s7\"><span class=\"bumpedFont15\"> la titular de la Secretar\u00eda del Trabajo (ST), Liliana San <\/span><\/span><span class=\"s7\"><span class=\"bumpedFont15\">Mart\u00edn Castillo, detall\u00f3 <\/span><\/span><span class=\"s7\"><span class=\"bumpedFont15\">que <\/span><\/span><span class=\"s7\"><span class=\"bumpedFont15\">el distintivo es <\/span><\/span><span class=\"s7\"><span class=\"bumpedFont15\">muestra de la colaboraci\u00f3n permanente <\/span><\/span><span class=\"s7\"><span class=\"bumpedFont15\">entre la administraci\u00f3n estatal y <\/span><\/span><span class=\"s7\"><span class=\"bumpedFont15\">la iniciativa privada para fomentar <\/span><\/span><span class=\"s7\"><span class=\"bumpedFont15\">la promoci\u00f3n de la igualdad laboral<\/span><\/span><span class=\"s7\"><span class=\"bumpedFont15\">. <\/span><\/span><\/p>\n<p class=\"s6\">\n<p class=\"s6\"><span class=\"s7\"><span class=\"bumpedFont15\">Comparti\u00f3 que en <\/span><\/span><span class=\"s7\"><span class=\"bumpedFont15\">esta entrega se duplic<\/span><\/span><span class=\"s7\"><span class=\"bumpedFont15\">\u00f3<\/span><\/span><span class=\"s7\"><span class=\"bumpedFont15\"> el<\/span><\/span> <span class=\"s7\"><span class=\"bumpedFont15\">n\u00famero <\/span><\/span><span class=\"s7\"><span class=\"bumpedFont15\">de participaci\u00f3n en<\/span><\/span><span class=\"s7\"><span class=\"bumpedFont15\"> comparaci\u00f3n con el a\u00f1o pasado<\/span><\/span><span class=\"s7\"><span class=\"bumpedFont15\">, con <\/span><\/span><span class=\"s7\"><span class=\"bumpedFont15\">41 organizaciones <\/span><\/span><span class=\"s7\"><span class=\"bumpedFont15\">nuevas<\/span><\/span> <span class=\"s7\"><span class=\"bumpedFont15\">y 38 con renovaci\u00f3n<\/span><\/span><span class=\"s7\"><span class=\"bumpedFont15\">. En este marco, agra<\/span><\/span><span class=\"s7\"><span class=\"bumpedFont15\">deci\u00f3 <\/span><\/span><span class=\"s7\"><span class=\"bumpedFont15\">al Gobernador por apostar <\/span><\/span><span class=\"s7\"><span class=\"bumpedFont15\">de una manera real <\/span><\/span><span class=\"s7\"><span class=\"bumpedFont15\">a una pol\u00edtica p\u00fablica <\/span><\/span><span class=\"s7\"><span class=\"bumpedFont15\">a favor de las mujeres<\/span><\/span><span class=\"s7\"><span class=\"bumpedFont15\">. <\/span><\/span><\/p>\n<p class=\"s6\">\n<p class=\"s6\"><span class=\"s7\"><span class=\"bumpedFont15\">\u201c<\/span><\/span><span class=\"s7\"><span class=\"bumpedFont15\">Juntos podemos acabar con la brecha de g\u00e9nero. Es momento de <\/span><\/span><span class=\"s7\"><span class=\"bumpedFont15\">que hombres y mujeres aspiremos <\/span><\/span><span class=\"s7\"><span class=\"bumpedFont15\">a las mismas oportunidades en todos los <\/span><\/span><span class=\"s7\"><span class=\"bumpedFont15\">\u00e1mbitos de nuestra vida<\/span><\/span><span class=\"s7\"><span class=\"bumpedFont15\">. Queremos espacios laborales libres de acoso y de hostigamiento<\/span><\/span><span class=\"s7\"><span class=\"bumpedFont15\">, donde todas las personas se sientan seguras y valoradas\u201d<\/span><\/span><span class=\"s7\"><span class=\"bumpedFont15\">, expres\u00f3. <\/span><\/span><\/p>\n<p class=\"s6\">\n<p class=\"s6\"><span class=\"s7\"><span class=\"bumpedFont15\">En<\/span><\/span><span class=\"s7\"><span class=\"bumpedFont15\"> representaci\u00f3n de l<\/span><\/span><span class=\"s7\"><span class=\"bumpedFont15\">as y los l\u00edderes que obtuvieron distintivo, <\/span><\/span><span class=\"s7\"><span class=\"bumpedFont15\">la directora de Recursos Humanos <\/span><\/span><span class=\"s7\"><span class=\"bumpedFont15\">de Aernnova <\/span><\/span><span class=\"s7\"><span class=\"bumpedFont15\">Aerospace <\/span><\/span><span class=\"s7\"><span class=\"bumpedFont15\">y Aernnova Componentes M\u00e9xico<\/span><\/span><span class=\"s7\"><span class=\"bumpedFont15\">, <\/span><\/span><span class=\"s7\"><span class=\"bumpedFont15\">Rebeca Parra Aureoles, <\/span><\/span><span class=\"s7\"><span class=\"bumpedFont15\">comparti\u00f3 que <\/span><\/span><span class=\"s7\"><span class=\"bumpedFont15\">las <\/span><\/span><span class=\"s7\"><span class=\"bumpedFont15\">acciones que se<\/span><\/span><span class=\"s7\"><span class=\"bumpedFont15\"> ponen<\/span><\/span> <span class=\"s7\"><span class=\"bumpedFont15\">en <\/span><\/span><span class=\"s7\"><span class=\"bumpedFont15\">marcha para <\/span><\/span><span class=\"s7\"><span class=\"bumpedFont15\">reducir la brecha <\/span><\/span><span class=\"s7\"><span class=\"bumpedFont15\">de g\u00e9nero<\/span><\/span> <span class=\"s7\"><span class=\"bumpedFont15\">en las<\/span><\/span><span class=\"s7\"><span class=\"bumpedFont15\">organizaciones<\/span><\/span><span class=\"s7\"><span class=\"bumpedFont15\">, <\/span><\/span><span class=\"s7\"><span class=\"bumpedFont15\">se <\/span><\/span><span class=\"s7\"><span class=\"bumpedFont15\">traduce<\/span><\/span><span class=\"s7\"><span class=\"bumpedFont15\">n<\/span><\/span><span class=\"s7\"><span class=\"bumpedFont15\"> en <\/span><\/span><span class=\"s7\"><span class=\"bumpedFont15\">resultados positivos en<\/span><\/span> <span class=\"s7\"><span class=\"bumpedFont15\">los niveles de productividad, rotaci\u00f3n, <\/span><\/span><span class=\"s7\"><span class=\"bumpedFont15\">clima laboral, <\/span><\/span><span class=\"s7\"><span class=\"bumpedFont15\">liderazgo y colaboraci\u00f3n. <\/span><\/span><\/p>\n<p class=\"s6\">\n<p class=\"s6\"><span class=\"s7\"><span class=\"bumpedFont15\">\u201cQuiero felicitar a todas las empresas que estamos en ese camino. Sin duda es un tiempo de transformaci\u00f3n y que a partir de los apoyos que nos est\u00e1n dando, no lo dejemos, porque todav\u00eda hay mucha brecha\u201d<\/span><\/span><span class=\"s7\"><span class=\"bumpedFont15\">, concluy\u00f3.<\/span><\/span><\/p>\n<p class=\"s6\">\n","protected":false},"excerpt":{"rendered":"<p>Es tiempo del protagonismo de la mujer queretana, afirm\u00f3 el gobernador, Mauricio Kuri Gonz\u00e1lez, al encabezar la entrega del \u201cDistintivo Sin Brecha 2023\u201d a 79 empresarios de la entidad comprometidos con la igualdad de g\u00e9nero, quienes lograron integrar un proyecto de buenas pr\u00e1cticas laborales al interior de sus organizaciones. El titular del Poder Ejecutivo estatal se dijo orgulloso de reconocer<\/p>\n<div class=\"h10\"><\/div>\n<p><a class=\"more-link2 flat\" href=\"https:\/\/elconspirador.com.mx\/?p=35318\">Leer m\u00e1s<\/a><\/p>\n","protected":false},"author":1,"featured_media":35319,"comment_status":"open","ping_status":"open","sticky":false,"template":"","format":"standard","meta":{"om_disable_all_campaigns":false,"_uf_show_specific_survey":0,"_uf_disable_surveys":false},"categories":[1],"tags":[],"aioseo_notices":[],"_links":{"self":[{"href":"https:\/\/elconspirador.com.mx\/index.php?rest_route=\/wp\/v2\/posts\/35318"}],"collection":[{"href":"https:\/\/elconspirador.com.mx\/index.php?rest_route=\/wp\/v2\/posts"}],"about":[{"href":"https:\/\/elconspirador.com.mx\/index.php?rest_route=\/wp\/v2\/types\/post"}],"author":[{"embeddable":true,"href":"https:\/\/elconspirador.com.mx\/index.php?rest_route=\/wp\/v2\/users\/1"}],"replies":[{"embeddable":true,"href":"https:\/\/elconspirador.com.mx\/index.php?rest_route=%2Fwp%2Fv2%2Fcomments&post=35318"}],"version-history":[{"count":1,"href":"https:\/\/elconspirador.com.mx\/index.php?rest_route=\/wp\/v2\/posts\/35318\/revisions"}],"predecessor-version":[{"id":35320,"href":"https:\/\/elconspirador.com.mx\/index.php?rest_route=\/wp\/v2\/posts\/35318\/revisions\/35320"}],"wp:featuredmedia":[{"embeddable":true,"href":"https:\/\/elconspirador.com.mx\/index.php?rest_route=\/wp\/v2\/media\/35319"}],"wp:attachment":[{"href":"https:\/\/elconspirador.com.mx\/index.php?rest_route=%2Fwp%2Fv2%2Fmedia&parent=35318"}],"wp:term":[{"taxonomy":"category","embeddable":true,"href":"https:\/\/elconspirador.com.mx\/index.php?rest_route=%2Fwp%2Fv2%2Fcategories&post=35318"},{"taxonomy":"post_tag","embeddable":true,"href":"https:\/\/elconspirador.com.mx\/index.php?rest_route=%2Fwp%2Fv2%2Ftags&post=35318"}],"curies":[{"name":"wp","href":"https:\/\/api.w.org\/{rel}","templated":true}]}}