{"id":35330,"date":"2023-10-11T18:58:23","date_gmt":"2023-10-12T00:58:23","guid":{"rendered":"https:\/\/elconspirador.com.mx\/?p=35330"},"modified":"2023-10-11T18:59:13","modified_gmt":"2023-10-12T00:59:13","slug":"fiscalia-localiza-vehiculo-del-asesino-de-javi","status":"publish","type":"post","link":"https:\/\/elconspirador.com.mx\/?p=35330","title":{"rendered":"FISCAL\u00cdA LOCALIZA VEH\u00cdCULO DEL ASESINO DE JAVI"},"content":{"rendered":"<p>La Fiscal\u00eda General de Estado de Quer\u00e9taro, ha informado que han realizado investigaciones exhaustivas desde la madrugada del pasado domingo 8 de Octubre, d\u00f3nde un joven de 23 a\u00f1os de edad, fue asesinado durante un asalto en la colonia Molinos de La Era, en la capital queretana.<\/p>\n<p>Familiares del Joven Francisco Javier &#8220;A&#8221; de 23 a\u00f1os de edad, ped\u00edan justicia a trav\u00e9s de las redes sociales, luego de que el joven fue asesinado durante un asalto donde lo despojaron de un tel\u00e9fono celular, $80 pesos y una cadena de plata.<\/p>\n<p>La Fiscal\u00eda inform\u00f3 que como parte del avance de las investigaciones, se logr\u00f3 ubicar un veh\u00edculo donde se desplazaba el presunto responsable de privar de la vida a la v\u00edctima y esto permiti\u00f3 aportar nuevos datos de prueba para el esclarecimiento del crimen.<\/p>\n<p>Tambi\u00e9n la Fiscal\u00eda confirm\u00f3 lo que aqu\u00ed le adelantamos, que la causa de muerte fue una anemia posthemorragia derivada de una herida causada con un objeto punzocortante.<\/p>\n<p>La Fiscal\u00eda afirm\u00f3 que a la familia de la v\u00edctima se le canaliz\u00f3 con la Comisi\u00f3n Estatal de Atenci\u00f3n a V\u00edctimas, para el apoyo emocional e \u00edntegral necesario.<\/p>\n","protected":false},"excerpt":{"rendered":"<p>La Fiscal\u00eda General de Estado de Quer\u00e9taro, ha informado que han realizado investigaciones exhaustivas desde la madrugada del pasado domingo 8 de Octubre, d\u00f3nde un joven de 23 a\u00f1os de edad, fue asesinado durante un asalto en la colonia Molinos de La Era, en la capital queretana. Familiares del Joven Francisco Javier &#8220;A&#8221; de 23 a\u00f1os de edad, ped\u00edan justicia<\/p>\n<div class=\"h10\"><\/div>\n<p><a class=\"more-link2 flat\" href=\"https:\/\/elconspirador.com.mx\/?p=35330\">Leer m\u00e1s<\/a><\/p>\n","protected":false},"author":1,"featured_media":35339,"comment_status":"open","ping_status":"open","sticky":false,"template":"","format":"standard","meta":{"om_disable_all_campaigns":false,"_uf_show_specific_survey":0,"_uf_disable_surveys":false},"categories":[1],"tags":[],"aioseo_notices":[],"_links":{"self":[{"href":"https:\/\/elconspirador.com.mx\/index.php?rest_route=\/wp\/v2\/posts\/35330"}],"collection":[{"href":"https:\/\/elconspirador.com.mx\/index.php?rest_route=\/wp\/v2\/posts"}],"about":[{"href":"https:\/\/elconspirador.com.mx\/index.php?rest_route=\/wp\/v2\/types\/post"}],"author":[{"embeddable":true,"href":"https:\/\/elconspirador.com.mx\/index.php?rest_route=\/wp\/v2\/users\/1"}],"replies":[{"embeddable":true,"href":"https:\/\/elconspirador.com.mx\/index.php?rest_route=%2Fwp%2Fv2%2Fcomments&post=35330"}],"version-history":[{"count":2,"href":"https:\/\/elconspirador.com.mx\/index.php?rest_route=\/wp\/v2\/posts\/35330\/revisions"}],"predecessor-version":[{"id":35347,"href":"https:\/\/elconspirador.com.mx\/index.php?rest_route=\/wp\/v2\/posts\/35330\/revisions\/35347"}],"wp:featuredmedia":[{"embeddable":true,"href":"https:\/\/elconspirador.com.mx\/index.php?rest_route=\/wp\/v2\/media\/35339"}],"wp:attachment":[{"href":"https:\/\/elconspirador.com.mx\/index.php?rest_route=%2Fwp%2Fv2%2Fmedia&parent=35330"}],"wp:term":[{"taxonomy":"category","embeddable":true,"href":"https:\/\/elconspirador.com.mx\/index.php?rest_route=%2Fwp%2Fv2%2Fcategories&post=35330"},{"taxonomy":"post_tag","embeddable":true,"href":"https:\/\/elconspirador.com.mx\/index.php?rest_route=%2Fwp%2Fv2%2Ftags&post=35330"}],"curies":[{"name":"wp","href":"https:\/\/api.w.org\/{rel}","templated":true}]}}