{"id":35365,"date":"2023-10-12T14:34:16","date_gmt":"2023-10-12T20:34:16","guid":{"rendered":"https:\/\/elconspirador.com.mx\/?p=35365"},"modified":"2023-10-12T14:35:01","modified_gmt":"2023-10-12T20:35:01","slug":"alistan-en-la-entidad-arranque-de-escuelas-de-tiempo-completo","status":"publish","type":"post","link":"https:\/\/elconspirador.com.mx\/?p=35365","title":{"rendered":"ALISTAN EN LA ENTIDAD ARRANQUE DE ESCUELAS DE TIEMPO COMPLETO"},"content":{"rendered":"<p>El pr\u00f3ximo 23 de octubre dar\u00e1 inicio el programa de escuelas de tiempo completo en alrededor de 320 escuelas de la entidad, inform\u00f3 Ra\u00fal Iturralde Olvera, coordinador de la Unidad de servicios para la educaci\u00f3n b\u00e1sica en el estado de Quer\u00e9taro (Usebeq).<\/p>\n<p>Record\u00f3 que en el ciclo escolar 2022-2023 se atendi\u00f3 a 365 escuelas con m\u00e1s de 31 mil beneficiaros, mientras que para el ciclo 2023-2024 se beneficiar\u00e1 a cerca de 30 mil estudiantes de las m\u00e1s de 300 escuelas, de las cuales 94 contar\u00e1n con servicio de alimentaci\u00f3n.<\/p>\n<p>\u201cMuy dif\u00edcilmente se puede empatar el inicio del ciclo escolar normal, con el inicio de un programa especial, como es las escuelas de tiempo completo, requiere de una planeaci\u00f3n especial y hay que resolver cositas en el camino para irlas ajustando\u201d, dijo.<\/p>\n<p>A\u00f1adi\u00f3 que se invertir\u00e1n 40 millones de pesos en las escuelas, principalmente, del semidesierto y la sierra de Quer\u00e9taro, mientras que en el presupuesto de 2024 se destinar\u00e1 otro recurso para el programa.<\/p>\n<p>Iturralde Olvera agreg\u00f3 que se ha identificado que existe una mejor\u00eda en el nivel educativo de las escuelas, por lo que destac\u00f3 que se ha logrado el objetivo de dicho programa.<\/p>\n","protected":false},"excerpt":{"rendered":"<p>El pr\u00f3ximo 23 de octubre dar\u00e1 inicio el programa de escuelas de tiempo completo en alrededor de 320 escuelas de la entidad, inform\u00f3 Ra\u00fal Iturralde Olvera, coordinador de la Unidad de servicios para la educaci\u00f3n b\u00e1sica en el estado de Quer\u00e9taro (Usebeq). Record\u00f3 que en el ciclo escolar 2022-2023 se atendi\u00f3 a 365 escuelas con m\u00e1s de 31 mil beneficiaros,<\/p>\n<div class=\"h10\"><\/div>\n<p><a class=\"more-link2 flat\" href=\"https:\/\/elconspirador.com.mx\/?p=35365\">Leer m\u00e1s<\/a><\/p>\n","protected":false},"author":1,"featured_media":35366,"comment_status":"open","ping_status":"open","sticky":false,"template":"","format":"standard","meta":{"om_disable_all_campaigns":false,"_uf_show_specific_survey":0,"_uf_disable_surveys":false},"categories":[1],"tags":[],"aioseo_notices":[],"_links":{"self":[{"href":"https:\/\/elconspirador.com.mx\/index.php?rest_route=\/wp\/v2\/posts\/35365"}],"collection":[{"href":"https:\/\/elconspirador.com.mx\/index.php?rest_route=\/wp\/v2\/posts"}],"about":[{"href":"https:\/\/elconspirador.com.mx\/index.php?rest_route=\/wp\/v2\/types\/post"}],"author":[{"embeddable":true,"href":"https:\/\/elconspirador.com.mx\/index.php?rest_route=\/wp\/v2\/users\/1"}],"replies":[{"embeddable":true,"href":"https:\/\/elconspirador.com.mx\/index.php?rest_route=%2Fwp%2Fv2%2Fcomments&post=35365"}],"version-history":[{"count":2,"href":"https:\/\/elconspirador.com.mx\/index.php?rest_route=\/wp\/v2\/posts\/35365\/revisions"}],"predecessor-version":[{"id":35387,"href":"https:\/\/elconspirador.com.mx\/index.php?rest_route=\/wp\/v2\/posts\/35365\/revisions\/35387"}],"wp:featuredmedia":[{"embeddable":true,"href":"https:\/\/elconspirador.com.mx\/index.php?rest_route=\/wp\/v2\/media\/35366"}],"wp:attachment":[{"href":"https:\/\/elconspirador.com.mx\/index.php?rest_route=%2Fwp%2Fv2%2Fmedia&parent=35365"}],"wp:term":[{"taxonomy":"category","embeddable":true,"href":"https:\/\/elconspirador.com.mx\/index.php?rest_route=%2Fwp%2Fv2%2Fcategories&post=35365"},{"taxonomy":"post_tag","embeddable":true,"href":"https:\/\/elconspirador.com.mx\/index.php?rest_route=%2Fwp%2Fv2%2Ftags&post=35365"}],"curies":[{"name":"wp","href":"https:\/\/api.w.org\/{rel}","templated":true}]}}