{"id":35368,"date":"2023-10-12T12:18:01","date_gmt":"2023-10-12T18:18:01","guid":{"rendered":"https:\/\/elconspirador.com.mx\/?p=35368"},"modified":"2023-10-12T12:18:01","modified_gmt":"2023-10-12T18:18:01","slug":"huimilpan-alista-colecta-de-cobijas","status":"publish","type":"post","link":"https:\/\/elconspirador.com.mx\/?p=35368","title":{"rendered":"HUIMILPAN ALISTA COLECTA DE COBIJAS"},"content":{"rendered":"<p>Autoridades de Huimilpan aseguraron que ya viene el Programa de Cobijando a Huimilpan, esto a partir de los meses de noviembre y diciembre, donde se buscar\u00e1 apoyar a los adultos mayores y a los ni\u00f1os, de las zonas vulnerables de la demarcaci\u00f3n.<\/p>\n<p>Con este programa se les invita a los habitantes del municipio, a participar en una colecta de cobijas y chamarras para todas las personas vulnerables de la demarcaci\u00f3n.<\/p>\n<p>El acopio arranca a principios del mes de noviembre, ya que es la temporada de mayor fr\u00edo para la zona de Huimilpan.<\/p>\n<p>Cabe rescatar que esta colecta a reunido m\u00e1s de tres mil cobijas en a\u00f1os anteriores, adem\u00e1s de mil 500 chamarras; esto para apoyar a gente vulnerable, ya que en Huimilpan se han registrado temperaturas de hasta menos tres grados.<\/p>\n","protected":false},"excerpt":{"rendered":"<p>Autoridades de Huimilpan aseguraron que ya viene el Programa de Cobijando a Huimilpan, esto a partir de los meses de noviembre y diciembre, donde se buscar\u00e1 apoyar a los adultos mayores y a los ni\u00f1os, de las zonas vulnerables de la demarcaci\u00f3n. Con este programa se les invita a los habitantes del municipio, a participar en una colecta de cobijas<\/p>\n<div class=\"h10\"><\/div>\n<p><a class=\"more-link2 flat\" href=\"https:\/\/elconspirador.com.mx\/?p=35368\">Leer m\u00e1s<\/a><\/p>\n","protected":false},"author":1,"featured_media":35369,"comment_status":"open","ping_status":"open","sticky":false,"template":"","format":"standard","meta":{"om_disable_all_campaigns":false,"_uf_show_specific_survey":0,"_uf_disable_surveys":false},"categories":[1],"tags":[],"aioseo_notices":[],"_links":{"self":[{"href":"https:\/\/elconspirador.com.mx\/index.php?rest_route=\/wp\/v2\/posts\/35368"}],"collection":[{"href":"https:\/\/elconspirador.com.mx\/index.php?rest_route=\/wp\/v2\/posts"}],"about":[{"href":"https:\/\/elconspirador.com.mx\/index.php?rest_route=\/wp\/v2\/types\/post"}],"author":[{"embeddable":true,"href":"https:\/\/elconspirador.com.mx\/index.php?rest_route=\/wp\/v2\/users\/1"}],"replies":[{"embeddable":true,"href":"https:\/\/elconspirador.com.mx\/index.php?rest_route=%2Fwp%2Fv2%2Fcomments&post=35368"}],"version-history":[{"count":1,"href":"https:\/\/elconspirador.com.mx\/index.php?rest_route=\/wp\/v2\/posts\/35368\/revisions"}],"predecessor-version":[{"id":35370,"href":"https:\/\/elconspirador.com.mx\/index.php?rest_route=\/wp\/v2\/posts\/35368\/revisions\/35370"}],"wp:featuredmedia":[{"embeddable":true,"href":"https:\/\/elconspirador.com.mx\/index.php?rest_route=\/wp\/v2\/media\/35369"}],"wp:attachment":[{"href":"https:\/\/elconspirador.com.mx\/index.php?rest_route=%2Fwp%2Fv2%2Fmedia&parent=35368"}],"wp:term":[{"taxonomy":"category","embeddable":true,"href":"https:\/\/elconspirador.com.mx\/index.php?rest_route=%2Fwp%2Fv2%2Fcategories&post=35368"},{"taxonomy":"post_tag","embeddable":true,"href":"https:\/\/elconspirador.com.mx\/index.php?rest_route=%2Fwp%2Fv2%2Ftags&post=35368"}],"curies":[{"name":"wp","href":"https:\/\/api.w.org\/{rel}","templated":true}]}}