{"id":35394,"date":"2023-10-12T20:03:53","date_gmt":"2023-10-13T02:03:53","guid":{"rendered":"https:\/\/elconspirador.com.mx\/?p=35394"},"modified":"2023-10-12T20:03:53","modified_gmt":"2023-10-13T02:03:53","slug":"corregidora-se-pinta-de-rosa-por-la-lucha-vs-el-cancer","status":"publish","type":"post","link":"https:\/\/elconspirador.com.mx\/?p=35394","title":{"rendered":"CORREGIDORA SE PINTA DE ROSA POR LA LUCHA VS EL C\u00c1NCER"},"content":{"rendered":"<p>Durante el mes de octubre Corregidora ilumina de rosa la Pir\u00e1mide de la Zona Arqueol\u00f3gica de \u201cEl Cerrito\u201d para conmemorar el D\u00eda Internacional de la lucha contra el C\u00e1ncer de mama, que la Organizaci\u00f3n Mundial de la Salud (OMS) estableci\u00f3 cada 19 de octubre para concientizar acerca de la importancia de prevenir y realizar los cuidados necesarios para evitar y atender dicho padecimiento.<\/p>\n<p>Como parte de la visi\u00f3n y colaboraci\u00f3n entre la Secretar\u00eda de Turismo del gobierno estatal, el Instituto Nacional de Antropolog\u00eda e Historia (INAH) y el gobierno municipal de Corregidora, que encabeza el alcalde Roberto Sosa Pichardo, fue mejorada la iluminaci\u00f3n esc\u00e9nica que resalta la majestuosidad arquitect\u00f3nica prehisp\u00e1nica de la Pir\u00e1mide de \u201cEl Cerrito\u201d.<\/p>\n<p>Con la instalaci\u00f3n de 102 equipos de iluminaci\u00f3n led, este yacimiento arqueol\u00f3gico que fue ocupado por diversas culturas durante m\u00e1s de 1,500 a\u00f1os, ser\u00e1 resaltado con una gama amplia de colores, especialmente en fechas relevantes como lo es el D\u00eda Internacional de la lucha contra el C\u00e1ncer de mama, motivo por el cual durante todo el mes de octubre la estructura monumental puede apreciarse con iluminaci\u00f3n rosada desde diferentes puntos de la demarcaci\u00f3n.<\/p>\n<p>Tanto los habitantes de Corregidora como los visitantes pueden disfrutar de la Plaza Gran Cu\u00e9, teniendo como escenario la pir\u00e1mide con una iluminaci\u00f3n que tiene como objetivo unirse a la noble causa mundial de concientizaci\u00f3n para prevenir y combatir una enfermedad que se encuentra entre las primeras causas de fallecimiento entre mujeres.<\/p>\n","protected":false},"excerpt":{"rendered":"<p>Durante el mes de octubre Corregidora ilumina de rosa la Pir\u00e1mide de la Zona Arqueol\u00f3gica de \u201cEl Cerrito\u201d para conmemorar el D\u00eda Internacional de la lucha contra el C\u00e1ncer de mama, que la Organizaci\u00f3n Mundial de la Salud (OMS) estableci\u00f3 cada 19 de octubre para concientizar acerca de la importancia de prevenir y realizar los cuidados necesarios para evitar y<\/p>\n<div class=\"h10\"><\/div>\n<p><a class=\"more-link2 flat\" href=\"https:\/\/elconspirador.com.mx\/?p=35394\">Leer m\u00e1s<\/a><\/p>\n","protected":false},"author":1,"featured_media":35395,"comment_status":"open","ping_status":"open","sticky":false,"template":"","format":"standard","meta":{"om_disable_all_campaigns":false,"_uf_show_specific_survey":0,"_uf_disable_surveys":false},"categories":[1],"tags":[],"aioseo_notices":[],"_links":{"self":[{"href":"https:\/\/elconspirador.com.mx\/index.php?rest_route=\/wp\/v2\/posts\/35394"}],"collection":[{"href":"https:\/\/elconspirador.com.mx\/index.php?rest_route=\/wp\/v2\/posts"}],"about":[{"href":"https:\/\/elconspirador.com.mx\/index.php?rest_route=\/wp\/v2\/types\/post"}],"author":[{"embeddable":true,"href":"https:\/\/elconspirador.com.mx\/index.php?rest_route=\/wp\/v2\/users\/1"}],"replies":[{"embeddable":true,"href":"https:\/\/elconspirador.com.mx\/index.php?rest_route=%2Fwp%2Fv2%2Fcomments&post=35394"}],"version-history":[{"count":2,"href":"https:\/\/elconspirador.com.mx\/index.php?rest_route=\/wp\/v2\/posts\/35394\/revisions"}],"predecessor-version":[{"id":35397,"href":"https:\/\/elconspirador.com.mx\/index.php?rest_route=\/wp\/v2\/posts\/35394\/revisions\/35397"}],"wp:featuredmedia":[{"embeddable":true,"href":"https:\/\/elconspirador.com.mx\/index.php?rest_route=\/wp\/v2\/media\/35395"}],"wp:attachment":[{"href":"https:\/\/elconspirador.com.mx\/index.php?rest_route=%2Fwp%2Fv2%2Fmedia&parent=35394"}],"wp:term":[{"taxonomy":"category","embeddable":true,"href":"https:\/\/elconspirador.com.mx\/index.php?rest_route=%2Fwp%2Fv2%2Fcategories&post=35394"},{"taxonomy":"post_tag","embeddable":true,"href":"https:\/\/elconspirador.com.mx\/index.php?rest_route=%2Fwp%2Fv2%2Ftags&post=35394"}],"curies":[{"name":"wp","href":"https:\/\/api.w.org\/{rel}","templated":true}]}}