{"id":35419,"date":"2023-10-13T21:10:21","date_gmt":"2023-10-14T03:10:21","guid":{"rendered":"https:\/\/elconspirador.com.mx\/?p=35419"},"modified":"2023-10-13T21:10:21","modified_gmt":"2023-10-14T03:10:21","slug":"imss-impulsa-la-deteccion-se-cancer","status":"publish","type":"post","link":"https:\/\/elconspirador.com.mx\/?p=35419","title":{"rendered":"IMSS IMPULSA LA DETECCI\u00d3N SE C\u00c1NCER"},"content":{"rendered":"<p class=\"s19\"><span class=\"s16\">En el marco del D\u00eda Mundial de la Lucha contra el C\u00e1ncer de Mama, a conmemorarse <\/span><span class=\"s16\">el<\/span><span class=\"s16\"> pr\u00f3ximo<\/span><span class=\"s16\"> 19 de octubre, el Instituto Mexicano del Seguro Social (IMSS) en Quer\u00e9taro <\/span><span class=\"s16\">llev\u00f3 a cabo un <\/span><span class=\"s16\">marat\u00f3n de mastograf\u00edas para promover la detecci\u00f3n <\/span><span class=\"s16\">temprana <\/span><span class=\"s16\">de esta enfermedad en<\/span><span class=\"s16\"> favor de las derechohabientes y trabajadoras del Instituto.<\/span><\/p>\n<p class=\"s19\"><span class=\"s16\">En las instalaciones de la Unidad de Medicina Familiar (UMF) No. 13 y Hospital General Regional (HGR) No. 1, ubicadas en la sede de la representaci\u00f3n del IMSS en el estado, se realiz\u00f3 una Feria de la Salud<\/span><span class=\"s16\">, <\/span><span class=\"s16\">donde <\/span><span class=\"s16\">mujeres derechohabientes y trabajadoras <\/span><span class=\"s16\">recibieron informaci\u00f3n sobre el c\u00e1ncer mama y cervicouterino, <\/span><span class=\"s16\">y <\/span><span class=\"s16\">fueron derivadas <\/span><span class=\"s16\">a realizarse los estudios correspondientes para detectar <\/span><span class=\"s16\">de forma temprana estos padecimientos. <\/span><\/p>\n<p class=\"s19\"><span class=\"s16\">Durante este evento, la <\/span><span class=\"s16\">titular del IMSS <\/span><span class=\"s16\">en <\/span><span class=\"s16\">Quer\u00e9taro, Martha <\/span><span class=\"s16\">Elo\u00edsa<\/span><span class=\"s16\"> S\u00e1nchez V\u00e1zquez, se\u00f1al\u00f3 que, <\/span><span class=\"s16\">de enero a octubre de 2023, <\/span><span class=\"s16\">en el estado, se <\/span><span class=\"s16\">ha diagnosticado <\/span><span class=\"s16\">a <\/span><span class=\"s16\">226 derechohabientes entre 27 y 88 a\u00f1os.<\/span><\/p>\n<p class=\"s19\"><span class=\"s16\">\u201cE<\/span><span class=\"s16\">l c\u00e1ncer de mama es un padecimiento que<\/span><span class=\"s16\">,<\/span><span class=\"s16\"> de ser detectado a tiempo<\/span><span class=\"s16\">,<\/span> <span class=\"s16\">esto es, en etapas tempranas I y II, <\/span><span class=\"s16\">tiene una sobrevida<\/span><span class=\"s16\"> en <\/span><span class=\"s16\">el 90<\/span><span class=\"s16\">% de los casos; por ello, <\/span><span class=\"s16\">el IMSS <\/span><span class=\"s16\">en <\/span><span class=\"s16\">Quer\u00e9taro invita a realizarse <\/span><span class=\"s16\">los<\/span><span class=\"s16\"> chequeos preventivos de manera peri\u00f3dica para detectar de m<\/span><span class=\"s16\">anera oportuna y salvar vidas \u201c, <\/span><span class=\"s16\">destac\u00f3. <\/span><\/p>\n<p class=\"s19\"><span class=\"s16\">Por otro lado, la <\/span><span class=\"s16\">doctora<\/span><span class=\"s16\"> Martina P\u00e9rez Rend\u00f3n<\/span><span class=\"s16\">, secretaria de Salud <\/span><span class=\"s16\">en el<\/span><span class=\"s16\"> e<\/span><span class=\"s16\">stado, subray\u00f3<\/span><span class=\"s16\"> que la lucha contra el c\u00e1ncer de mam\u00e1 es un trabajo en conjunto de instituciones de salud p\u00fablicas y privadas.<\/span><\/p>\n<p class=\"s19\"><span class=\"s16\">\u201cLa<\/span><span class=\"s16\"> autoexploraci\u00f3n es una herramienta fundamental en la detecci\u00f3n tem<\/span><span class=\"s16\">prana del c\u00e1ncer. El <\/span><span class=\"s16\">detectar de forma oportuna permite que los tratamientos sean menos agresivos y con una perspectiva de curaci\u00f3n m\u00e1s alta\u201d<\/span><span class=\"s16\">, manifest\u00f3. <\/span><\/p>\n<p class=\"s11\"><span class=\"s16\">Al evento <\/span><span class=\"s16\">tambi\u00e9n <\/span><span class=\"s16\">acudieron la <\/span><span class=\"s16\">doctora<\/span><span class=\"s16\"> Juana Ang\u00e9lica Garc\u00eda Bonilla, titular de la Jefatura de <\/span><span class=\"s16\">Servicios de <\/span><span class=\"s16\">Prestaciones M\u00e9dicas; <\/span><span class=\"s16\">la <\/span><span class=\"s16\">licenciada<\/span><span class=\"s16\"> Patricia Ortiz P\u00e9rez, en representaci\u00f3n de la diputada Dulce Ventura Rend\u00f3n, presidenta de la Comisi\u00f3n de Salud en la <\/span><span class=\"s16\">LX <\/span><span class=\"s16\">Legislatura en Quer\u00e9taro, y <\/span><span class=\"s16\">autoridades del<\/span><span class=\"s16\"> Instituto.<\/span><\/p>\n<p class=\"s11\"><span class=\"s16\">Cabe mencionar que durante esta<\/span><span class=\"s16\">, <\/span><span class=\"s16\">m\u00e1s de 100 mujeres y hombres participaron en la formaci\u00f3n de un lazo humano rosa conmemorativo por el Mes de Sensibilizaci\u00f3n sobre el C\u00e1ncer de Mama), con el fin de fomentar la detecci\u00f3n temprana e iniciar un tratamiento adecuado.<\/span><\/p>\n<p class=\"s11\"><span class=\"s16\">El IMSS <\/span><span class=\"s16\">en <\/span><span class=\"s16\">Quer\u00e9taro reafirma su compromiso con la poblaci\u00f3n derechohabiente y exhorta a acercarse a sus Unidades de Medicina Familiar para realizarse sus chequeos m\u00e9dicos de manera oportuna.<\/span><\/p>\n<p class=\"s11\">\n","protected":false},"excerpt":{"rendered":"<p>En el marco del D\u00eda Mundial de la Lucha contra el C\u00e1ncer de Mama, a conmemorarse el pr\u00f3ximo 19 de octubre, el Instituto Mexicano del Seguro Social (IMSS) en Quer\u00e9taro llev\u00f3 a cabo un marat\u00f3n de mastograf\u00edas para promover la detecci\u00f3n temprana de esta enfermedad en favor de las derechohabientes y trabajadoras del Instituto. En las instalaciones de la Unidad<\/p>\n<div class=\"h10\"><\/div>\n<p><a class=\"more-link2 flat\" href=\"https:\/\/elconspirador.com.mx\/?p=35419\">Leer m\u00e1s<\/a><\/p>\n","protected":false},"author":1,"featured_media":35420,"comment_status":"open","ping_status":"open","sticky":false,"template":"","format":"standard","meta":{"om_disable_all_campaigns":false,"_uf_show_specific_survey":0,"_uf_disable_surveys":false},"categories":[1],"tags":[],"aioseo_notices":[],"_links":{"self":[{"href":"https:\/\/elconspirador.com.mx\/index.php?rest_route=\/wp\/v2\/posts\/35419"}],"collection":[{"href":"https:\/\/elconspirador.com.mx\/index.php?rest_route=\/wp\/v2\/posts"}],"about":[{"href":"https:\/\/elconspirador.com.mx\/index.php?rest_route=\/wp\/v2\/types\/post"}],"author":[{"embeddable":true,"href":"https:\/\/elconspirador.com.mx\/index.php?rest_route=\/wp\/v2\/users\/1"}],"replies":[{"embeddable":true,"href":"https:\/\/elconspirador.com.mx\/index.php?rest_route=%2Fwp%2Fv2%2Fcomments&post=35419"}],"version-history":[{"count":2,"href":"https:\/\/elconspirador.com.mx\/index.php?rest_route=\/wp\/v2\/posts\/35419\/revisions"}],"predecessor-version":[{"id":35449,"href":"https:\/\/elconspirador.com.mx\/index.php?rest_route=\/wp\/v2\/posts\/35419\/revisions\/35449"}],"wp:featuredmedia":[{"embeddable":true,"href":"https:\/\/elconspirador.com.mx\/index.php?rest_route=\/wp\/v2\/media\/35420"}],"wp:attachment":[{"href":"https:\/\/elconspirador.com.mx\/index.php?rest_route=%2Fwp%2Fv2%2Fmedia&parent=35419"}],"wp:term":[{"taxonomy":"category","embeddable":true,"href":"https:\/\/elconspirador.com.mx\/index.php?rest_route=%2Fwp%2Fv2%2Fcategories&post=35419"},{"taxonomy":"post_tag","embeddable":true,"href":"https:\/\/elconspirador.com.mx\/index.php?rest_route=%2Fwp%2Fv2%2Ftags&post=35419"}],"curies":[{"name":"wp","href":"https:\/\/api.w.org\/{rel}","templated":true}]}}