{"id":35440,"date":"2023-10-13T15:05:49","date_gmt":"2023-10-13T21:05:49","guid":{"rendered":"https:\/\/elconspirador.com.mx\/?p=35440"},"modified":"2023-10-13T15:05:49","modified_gmt":"2023-10-13T21:05:49","slug":"capital-apoyara-con-agentes-de-movilidad-en-5-de-febrero","status":"publish","type":"post","link":"https:\/\/elconspirador.com.mx\/?p=35440","title":{"rendered":"CAPITAL APOYAR\u00c1 CON AGENTES DE MOVILIDAD EN 5 DE FEBRERO"},"content":{"rendered":"<p>El municipio de Quer\u00e9taro ayudar\u00e1 con auxiliares de movilidad al tr\u00e1nsito en el carril confinado de Paseo 5 de febrero, a partir de noviembre, adelant\u00f3 Luis Bernardo Nava Guerrero, presidente municipal de Quer\u00e9taro.<\/p>\n<p>Inform\u00f3 que lo anterior fue un acuerdo con el gobernador Mauricio Kuri para fortalecer los operativos de movilidad en la zona, esto ante la puesta en marcha del eje Qrob\u00fas, y coment\u00f3 que se analizar\u00e1, incluso, la posibilidad de contratar a m\u00e1s agentes de movilidad.<\/p>\n<p>\u201cA partir de noviembre, exactamente, cuando se arranque la operaci\u00f3n del carril confinado de 5 de febrero, vamos a tener que realizar operativos especiales de movilidad para darle el paso al cami\u00f3n en el carril confinado, que esto pues va a tener cierta complejidad porque actualmente est\u00e1n habilitados los retornos, entonces, bueno, tendremos que tener especial cuidado para que pueda fluir el transporte p\u00fablico y el tr\u00e1nsito de una manera ordenada\u201d, coment\u00f3.<\/p>\n<p>Se\u00f1al\u00f3 que con base en los requerimientos de la Agencia de Movilidad se revisar\u00e1 si con los auxiliares con los que cuentan es suficiente para dar atenci\u00f3n y que opere sin contratiempos el servicio.<\/p>\n<p>\u201cAhora digamos que el objetivo es que opere, que arranque las operaciones y que sea de la mejor manera y lo que nosotros tengamos que poner lo vamos a tener que invertir, si es m\u00e1s personal o lo que tengamos que realizar, lo m\u00e1s importante es el objetivo de que el sistema de transporte p\u00fablico pueda operar de la mejor manera\u201d, a\u00f1adi\u00f3.<\/p>\n","protected":false},"excerpt":{"rendered":"<p>El municipio de Quer\u00e9taro ayudar\u00e1 con auxiliares de movilidad al tr\u00e1nsito en el carril confinado de Paseo 5 de febrero, a partir de noviembre, adelant\u00f3 Luis Bernardo Nava Guerrero, presidente municipal de Quer\u00e9taro. Inform\u00f3 que lo anterior fue un acuerdo con el gobernador Mauricio Kuri para fortalecer los operativos de movilidad en la zona, esto ante la puesta en marcha<\/p>\n<div class=\"h10\"><\/div>\n<p><a class=\"more-link2 flat\" href=\"https:\/\/elconspirador.com.mx\/?p=35440\">Leer m\u00e1s<\/a><\/p>\n","protected":false},"author":1,"featured_media":35441,"comment_status":"open","ping_status":"open","sticky":false,"template":"","format":"standard","meta":{"om_disable_all_campaigns":false,"_uf_show_specific_survey":0,"_uf_disable_surveys":false},"categories":[1],"tags":[],"aioseo_notices":[],"_links":{"self":[{"href":"https:\/\/elconspirador.com.mx\/index.php?rest_route=\/wp\/v2\/posts\/35440"}],"collection":[{"href":"https:\/\/elconspirador.com.mx\/index.php?rest_route=\/wp\/v2\/posts"}],"about":[{"href":"https:\/\/elconspirador.com.mx\/index.php?rest_route=\/wp\/v2\/types\/post"}],"author":[{"embeddable":true,"href":"https:\/\/elconspirador.com.mx\/index.php?rest_route=\/wp\/v2\/users\/1"}],"replies":[{"embeddable":true,"href":"https:\/\/elconspirador.com.mx\/index.php?rest_route=%2Fwp%2Fv2%2Fcomments&post=35440"}],"version-history":[{"count":1,"href":"https:\/\/elconspirador.com.mx\/index.php?rest_route=\/wp\/v2\/posts\/35440\/revisions"}],"predecessor-version":[{"id":35442,"href":"https:\/\/elconspirador.com.mx\/index.php?rest_route=\/wp\/v2\/posts\/35440\/revisions\/35442"}],"wp:featuredmedia":[{"embeddable":true,"href":"https:\/\/elconspirador.com.mx\/index.php?rest_route=\/wp\/v2\/media\/35441"}],"wp:attachment":[{"href":"https:\/\/elconspirador.com.mx\/index.php?rest_route=%2Fwp%2Fv2%2Fmedia&parent=35440"}],"wp:term":[{"taxonomy":"category","embeddable":true,"href":"https:\/\/elconspirador.com.mx\/index.php?rest_route=%2Fwp%2Fv2%2Fcategories&post=35440"},{"taxonomy":"post_tag","embeddable":true,"href":"https:\/\/elconspirador.com.mx\/index.php?rest_route=%2Fwp%2Fv2%2Ftags&post=35440"}],"curies":[{"name":"wp","href":"https:\/\/api.w.org\/{rel}","templated":true}]}}