{"id":35443,"date":"2023-10-13T13:40:19","date_gmt":"2023-10-13T19:40:19","guid":{"rendered":"https:\/\/elconspirador.com.mx\/?p=35443"},"modified":"2023-10-13T13:40:19","modified_gmt":"2023-10-13T19:40:19","slug":"queretaro-realiza-segunda-sesion-de-la-conferencia-nacional-de-procuracion-de-justicia","status":"publish","type":"post","link":"https:\/\/elconspirador.com.mx\/?p=35443","title":{"rendered":"QUER\u00c9TARO REALIZA SEGUNDA SESI\u00d3N DE LA CONFERENCIA NACIONAL DE PROCURACI\u00d3N DE JUSTICIA"},"content":{"rendered":"<p class=\"s6\"><span class=\"s7\"><span class=\"bumpedFont15\">E<\/span><\/span><span class=\"s7\"><span class=\"bumpedFont15\">l gobernador, Mauricio Kuri Gonz\u00e1lez, <\/span><\/span><span class=\"s7\"><span class=\"bumpedFont15\">inaugur\u00f3 la segunda <\/span><\/span><span class=\"s7\"><span class=\"bumpedFont15\">sesi\u00f3n ordinaria <\/span><\/span><span class=\"s7\"><span class=\"bumpedFont15\">de la Zona Occidente de la Conferencia Nacional de Procuraci\u00f3n de Justicia<\/span><\/span><span class=\"s7\"><span class=\"bumpedFont15\">, <\/span><\/span><span class=\"s7\"><span class=\"bumpedFont15\">evento en el que <\/span><\/span><span class=\"s7\"><span class=\"bumpedFont15\">manifest\u00f3 su disposici\u00f3n de <\/span><\/span><span class=\"s7\"><span class=\"bumpedFont15\">seguir contribuyendo <\/span><\/span><span class=\"s7\"><span class=\"bumpedFont15\">a la solidez del Estado de Derecho<\/span><\/span><span class=\"s7\"><span class=\"bumpedFont15\"> y a fortalecer <\/span><\/span><span class=\"s7\"><span class=\"bumpedFont15\">las instituciones <\/span><\/span><span class=\"s7\"><span class=\"bumpedFont15\">desde su posici\u00f3n como mandatario estatal. <\/span><\/span><\/p>\n<p class=\"s6\">\n<p class=\"s6\"><span class=\"s7\"><span class=\"bumpedFont15\">\u201c<\/span><\/span><span class=\"s7\"><span class=\"bumpedFont15\">Las <\/span><\/span><span class=\"s7\"><span class=\"bumpedFont15\">Fiscal\u00edas<\/span><\/span><span class=\"s7\"><span class=\"bumpedFont15\"> estatales y la <\/span><\/span><span class=\"s7\"><span class=\"bumpedFont15\">G<\/span><\/span><span class=\"s7\"><span class=\"bumpedFont15\">eneral de la <\/span><\/span><span class=\"s7\"><span class=\"bumpedFont15\">R<\/span><\/span><span class=\"s7\"><span class=\"bumpedFont15\">ep\u00fablica son las instituciones <\/span><\/span><span class=\"s7\"><span class=\"bumpedFont15\">estrat\u00e9gicas que procuran la investigaci\u00f3n <\/span><\/span><span class=\"s7\"><span class=\"bumpedFont15\">y <\/span><\/span><span class=\"s7\"><span class=\"bumpedFont15\">la persecuci\u00f3n del delito<\/span><\/span><span class=\"s7\"><span class=\"bumpedFont15\">, as\u00ed como <\/span><\/span><span class=\"s7\"><span class=\"bumpedFont15\">la adecuada <\/span><\/span><span class=\"s7\"><span class=\"bumpedFont15\">ejecuci\u00f3n <\/span><\/span><span class=\"s7\"><span class=\"bumpedFont15\">de las sanciones penales<\/span><\/span><span class=\"s7\"><span class=\"bumpedFont15\">.<\/span><\/span> <span class=\"s7\"><span class=\"bumpedFont15\">Todos ustedes p<\/span><\/span><span class=\"s7\"><span class=\"bumpedFont15\">ueden<\/span><\/span><span class=\"s7\"><span class=\"bumpedFont15\"> contar con <\/span><\/span><span class=\"s7\"><span class=\"bumpedFont15\">Q<\/span><\/span><span class=\"s7\"><span class=\"bumpedFont15\">uer\u00e9taro, <\/span><\/span><span class=\"s7\"><span class=\"bumpedFont15\">con <\/span><\/span><span class=\"s7\"><span class=\"bumpedFont15\">mi gobierno y nuestra experiencia para seguir <\/span><\/span><span class=\"s7\"><span class=\"bumpedFont15\">sumando por <\/span><\/span><span class=\"s7\"><span class=\"bumpedFont15\">M<\/span><\/span><span class=\"s7\"><span class=\"bumpedFont15\">\u00e9xico<\/span><\/span><span class=\"s7\"><span class=\"bumpedFont15\">\u201d, apunt\u00f3. <\/span><\/span><\/p>\n<p class=\"s6\">\n<p class=\"s6\"><span class=\"s7\"><span class=\"bumpedFont15\">Kuri<\/span><\/span> <span class=\"s7\"><span class=\"bumpedFont15\">Gonz\u00e1lez <\/span><\/span><span class=\"s7\"><span class=\"bumpedFont15\">dio la bienvenida a <\/span><\/span><span class=\"s7\"><span class=\"bumpedFont15\">los <\/span><\/span><span class=\"s7\"><span class=\"bumpedFont15\">fiscales<\/span><\/span><span class=\"s7\"><span class=\"bumpedFont15\">, y se dijo orgulloso de <\/span><\/span><span class=\"s7\"><span class=\"bumpedFont15\">colaborar <\/span><\/span><span class=\"s7\"><span class=\"bumpedFont15\">en los esfuerzos <\/span><\/span><span class=\"s7\"><span class=\"bumpedFont15\">de las instituciones<\/span><\/span><span class=\"s7\"><span class=\"bumpedFont15\">en materia <\/span><\/span><span class=\"s7\"><span class=\"bumpedFont15\">de seguridad y justicia.<\/span><\/span> <span class=\"s7\"><span class=\"bumpedFont15\">Indic\u00f3 que <\/span><\/span><span class=\"s7\"><span class=\"bumpedFont15\">en <\/span><\/span><span class=\"s7\"><span class=\"bumpedFont15\">ellos <\/span><\/span><span class=\"s7\"><span class=\"bumpedFont15\">se encuentra<\/span><\/span> <span class=\"s7\"><span class=\"bumpedFont15\">la <\/span><\/span><span class=\"s7\"><span class=\"bumpedFont15\">responsabilidad de <\/span><\/span><span class=\"s7\"><span class=\"bumpedFont15\">procurar<\/span><\/span> <span class=\"s7\"><span class=\"bumpedFont15\">que la impunidad no <\/span><\/span><span class=\"s7\"><span class=\"bumpedFont15\">exista en el pa\u00eds<\/span><\/span><span class=\"s7\"><span class=\"bumpedFont15\">;<\/span><\/span> <span class=\"s7\"><span class=\"bumpedFont15\">y en la actualidad<\/span><\/span><span class=\"s7\"><span class=\"bumpedFont15\">, la <\/span><\/span><span class=\"s7\"><span class=\"bumpedFont15\">violencia <\/span><\/span><span class=\"s7\"><span class=\"bumpedFont15\">inusitada <\/span><\/span><span class=\"s7\"><span class=\"bumpedFont15\">de grupos delictivos hace que su labor adquiera una mayor relevancia social, ya que los ciudadanos exigen paz y justicia.<\/span><\/span><\/p>\n<p class=\"s6\">\n<p class=\"s6\"><span class=\"s7\"><span class=\"bumpedFont15\">Mencion\u00f3 que los temas que se abordar\u00e1n en la sesi\u00f3n<\/span><\/span><span class=\"s7\"><span class=\"bumpedFont15\">corresponden a una agenda congruente <\/span><\/span><span class=\"s7\"><span class=\"bumpedFont15\">con la necesidad <\/span><\/span><span class=\"s7\"><span class=\"bumpedFont15\">de forjar <\/span><\/span><span class=\"s7\"><span class=\"bumpedFont15\">instituciones <\/span><\/span><span class=\"s7\"><span class=\"bumpedFont15\">s\u00f3lidas <\/span><\/span><span class=\"s7\"><span class=\"bumpedFont15\">para combatir la delincuencia. <\/span><\/span><span class=\"s7\"><span class=\"bumpedFont15\">Es<\/span><\/span><span class=\"s7\"><span class=\"bumpedFont15\">por <\/span><\/span><span class=\"s7\"><span class=\"bumpedFont15\">eso<\/span><\/span><span class=\"s7\"><span class=\"bumpedFont15\"> que en 2008 se realiz\u00f3 una reforma constitucional para <\/span><\/span><span class=\"s7\"><span class=\"bumpedFont15\">que la <\/span><\/span><span class=\"s7\"><span class=\"bumpedFont15\">procuraci\u00f3n de justicia, se encomendara solamente a instituciones elevadas al rango de \u00f3rganos constitucionales aut\u00f3nomos: las <\/span><\/span><span class=\"s7\"><span class=\"bumpedFont15\">fiscal\u00edas<\/span><\/span><span class=\"s7\"><span class=\"bumpedFont15\"> generales.<\/span><\/span><\/p>\n<p class=\"s6\">\n<p class=\"s6\"><span class=\"s7\"><span class=\"bumpedFont15\">\u201c<\/span><\/span><span class=\"s7\"><span class=\"bumpedFont15\">El<\/span><\/span><span class=\"s7\"><span class=\"bumpedFont15\"> mayor significado democr\u00e1tico de la justicia penal, esta en que las <\/span><\/span><span class=\"s7\"><span class=\"bumpedFont15\">fiscal\u00edas<\/span><\/span><span class=\"s7\"><span class=\"bumpedFont15\">, su titular y personal, solo deben actuar bajo el imperio de la ley, no al servicio del poder pol\u00edtico, ni de los intereses personales que hacen selectivo y pernicioso su actuar. <\/span><\/span><span class=\"s7\"><span class=\"bumpedFont15\">No<\/span><\/span><span class=\"s7\"><span class=\"bumpedFont15\"> puede haber justicia penal <\/span><\/span><span class=\"s7\"><span class=\"bumpedFont15\">democr\u00e1tica<\/span><\/span><span class=\"s7\"><span class=\"bumpedFont15\"> sin <\/span><\/span><span class=\"s7\"><span class=\"bumpedFont15\">fiscal\u00edas<\/span><\/span><span class=\"s7\"><span class=\"bumpedFont15\"> aut\u00f3nomas.<\/span><\/span><span class=\"s7\"><span class=\"bumpedFont15\"> Aplicar <\/span><\/span><span class=\"s7\"><span class=\"bumpedFont15\">la ley por igual, para que nadie est\u00e9 encima de ella, es la premisa de su funci\u00f3n<\/span><\/span><span class=\"s7\"><span class=\"bumpedFont15\">\u201d<\/span><\/span><span class=\"s7\"><span class=\"bumpedFont15\">,<\/span><\/span><span class=\"s7\"><span class=\"bumpedFont15\"> asever\u00f3.<\/span><\/span><\/p>\n<p class=\"s6\">\n<p class=\"s6\"><span class=\"s7\"><span class=\"bumpedFont15\">El mandatario<\/span><\/span> <span class=\"s7\"><span class=\"bumpedFont15\">estatal <\/span><\/span><span class=\"s7\"><span class=\"bumpedFont15\">refiri\u00f3 que <\/span><\/span><span class=\"s7\"><span class=\"bumpedFont15\">hace unos d\u00edas <\/span><\/span><span class=\"s7\"><span class=\"bumpedFont15\">la organizaci\u00f3n civil independiente \u201c<\/span><\/span><span class=\"s7\"><span class=\"bumpedFont15\">M<\/span><\/span><span class=\"s7\"><span class=\"bumpedFont15\">\u00e9xico <\/span><\/span><span class=\"s7\"><span class=\"bumpedFont15\">E<\/span><\/span><span class=\"s7\"><span class=\"bumpedFont15\">val\u00faa\u201d public\u00f3 su d\u00e9cimo informe <\/span><\/span><span class=\"s7\"><span class=\"bumpedFont15\">\u201c<\/span><\/span><span class=\"s7\"><span class=\"bumpedFont15\">H<\/span><\/span><span class=\"s7\"><span class=\"bumpedFont15\">allazgos<\/span><\/span><span class=\"s7\"><span class=\"bumpedFont15\">\u201d<\/span><\/span><span class=\"s7\"><span class=\"bumpedFont15\">, calificando el desempe\u00f1o institucional en cada entidad en relaci\u00f3n con la justicia penal acusatoria y oral.<\/span><\/span><span class=\"s7\"><span class=\"bumpedFont15\"> En dicho estudio, enfatiz\u00f3, <\/span><\/span><span class=\"s7\"><span class=\"bumpedFont15\">Quer\u00e9taro se posicion\u00f3 en primer lugar por <\/span><\/span><span class=\"s7\"><span class=\"bumpedFont15\">sexto a\u00f1o consecutivo. <\/span><\/span><\/p>\n<p class=\"s6\">\n<p class=\"s6\"><span class=\"s7\"><span class=\"bumpedFont15\">Dicho reconocimiento, dijo, es <\/span><\/span><span class=\"s7\"><span class=\"bumpedFont15\">resultado del esfuerzo de casi siete mil personas que colaboran en una docena de instituciones <\/span><\/span><span class=\"s7\"><span class=\"bumpedFont15\">con enfoque sist\u00e9mico y uso de t<\/span><\/span><span class=\"s7\"><span class=\"bumpedFont15\">ecnolog\u00edas<\/span><\/span><span class=\"s7\"><span class=\"bumpedFont15\">para cumplir con<\/span><\/span><span class=\"s7\"><span class=\"bumpedFont15\"> la promoci\u00f3n <\/span><\/span><span class=\"s7\"><span class=\"bumpedFont15\">de <\/span><\/span><span class=\"s7\"><span class=\"bumpedFont15\">la denuncia de<\/span><\/span><span class=\"s7\"><span class=\"bumpedFont15\">l<\/span><\/span><span class=\"s7\"><span class=\"bumpedFont15\"> delito<\/span><\/span><span class=\"s7\"><span class=\"bumpedFont15\">, <\/span><\/span><span class=\"s7\"><span class=\"bumpedFont15\">facilitar medios alternativos de soluci\u00f3n de conflicto<\/span><\/span><span class=\"s7\"><span class=\"bumpedFont15\">s, <\/span><\/span><span class=\"s7\"><span class=\"bumpedFont15\">ofrecer asesoramiento legal a v\u00edctimas e imputados<\/span><\/span><span class=\"s7\"><span class=\"bumpedFont15\">, y <\/span><\/span><span class=\"s7\"><span class=\"bumpedFont15\">garantizar que la justicia est\u00e9 a cargo de un <\/span><\/span><span class=\"s7\"><span class=\"bumpedFont15\">P<\/span><\/span><span class=\"s7\"><span class=\"bumpedFont15\">oder <\/span><\/span><span class=\"s7\"><span class=\"bumpedFont15\">J<\/span><\/span><span class=\"s7\"><span class=\"bumpedFont15\">udicial <\/span><\/span><span class=\"s7\"><span class=\"bumpedFont15\">i<\/span><\/span><span class=\"s7\"><span class=\"bumpedFont15\">ndependiente. <\/span><\/span><\/p>\n<p class=\"s6\">\n<p class=\"s6\"><span class=\"s7\"><span class=\"bumpedFont15\">Expres\u00f3 que <\/span><\/span><span class=\"s7\"><span class=\"bumpedFont15\">la investigaci\u00f3n de<\/span><\/span><span class=\"s7\"><span class=\"bumpedFont15\">l <\/span><\/span><span class=\"s7\"><span class=\"bumpedFont15\">delito <\/span><\/span><span class=\"s7\"><span class=\"bumpedFont15\">es<\/span><\/span><span class=\"s7\"><span class=\"bumpedFont15\"> objetiva, exhaustiva, <\/span><\/span><span class=\"s7\"><span class=\"bumpedFont15\">veraz y cient\u00edfica<\/span><\/span><span class=\"s7\"><span class=\"bumpedFont15\">,<\/span><\/span> <span class=\"s7\"><span class=\"bumpedFont15\">como lo demuestran los datos de<\/span><\/span><span class=\"s7\"><span class=\"bumpedFont15\">l<\/span><\/span><span class=\"s7\"><span class=\"bumpedFont15\"> informe<\/span><\/span><span class=\"s7\"><span class=\"bumpedFont15\"> de \u201cM\u00e9xico Eval\u00faa<\/span><\/span><span class=\"s7\"><span class=\"bumpedFont15\">\u201d, mismo <\/span><\/span><span class=\"s7\"><span class=\"bumpedFont15\">que cont\u00f3 con el apoyo <\/span><\/span><span class=\"s7\"><span class=\"bumpedFont15\">de \u00a0<\/span><\/span><span class=\"s7\"><span class=\"bumpedFont15\">A<\/span><\/span><span class=\"s7\"><span class=\"bumpedFont15\">gencia de los <\/span><\/span><span class=\"s7\"><span class=\"bumpedFont15\">E<\/span><\/span><span class=\"s7\"><span class=\"bumpedFont15\">stados <\/span><\/span><span class=\"s7\"><span class=\"bumpedFont15\">U<\/span><\/span><span class=\"s7\"><span class=\"bumpedFont15\">nidos para el desarrollo internacional (<\/span><\/span><span class=\"s7\"><span class=\"bumpedFont15\">USAID<\/span><\/span><span class=\"s7\"><span class=\"bumpedFont15\">) y la organizaci\u00f3n independiente<\/span><\/span><span class=\"s7\"><span class=\"bumpedFont15\">alemana \u201c<\/span><\/span><span class=\"s7\"><span class=\"bumpedFont15\">F<\/span><\/span><span class=\"s7\"><span class=\"bumpedFont15\">undaci\u00f3n <\/span><\/span><span class=\"s7\"><span class=\"bumpedFont15\">F<\/span><\/span><span class=\"s7\"><span class=\"bumpedFont15\">riedrich <\/span><\/span><span class=\"s7\"><span class=\"bumpedFont15\">N<\/span><\/span><span class=\"s7\"><span class=\"bumpedFont15\">aumann\u201d<\/span><\/span><span class=\"s7\"><span class=\"bumpedFont15\">; y que <\/span><\/span><span class=\"s7\"><span class=\"bumpedFont15\">obliga<\/span><\/span><span class=\"s7\"><span class=\"bumpedFont15\"> a seguir trabajando para fortalecer <\/span><\/span><span class=\"s7\"><span class=\"bumpedFont15\">las capacidades institucionales<\/span><\/span><span class=\"s7\"><span class=\"bumpedFont15\">.<\/span><\/span><\/p>\n<p class=\"s6\">\n<p class=\"s6\"><span class=\"s7\"><span class=\"bumpedFont15\">Durante su discurso, el fiscal <\/span><\/span><span class=\"s7\"><span class=\"bumpedFont15\">general del Estado, Alejandro Echeverr\u00eda Cornejo, <\/span><\/span><span class=\"s7\"><span class=\"bumpedFont15\">resalt\u00f3 <\/span><\/span><span class=\"s7\"><span class=\"bumpedFont15\">que la<\/span><\/span><span class=\"s7\"><span class=\"bumpedFont15\"> divisi\u00f3n territorial y soberan\u00eda de cada entidad<\/span><\/span> <span class=\"s7\"><span class=\"bumpedFont15\">nunca ha sido un obst\u00e1culo para hacer cumplir la ley, por lo que el compromiso de trabajo de la Zona Occidente, se refrenda con esta mesa de trabajo interinstitucional, donde las tem\u00e1ticas a desarrollar dar\u00e1n impulso a la innovaci\u00f3n, uso de tecnolog\u00edas y herramientas digitales para <\/span><\/span><span class=\"s7\"><span class=\"bumpedFont15\">hacer eficiente<\/span><\/span><span class=\"s7\"><span class=\"bumpedFont15\"> el cumplimiento de mandatos de autoridad y homologar sistemas para el suministro, consulta, an\u00e1lisis e intercambio de informaci\u00f3n.<\/span><\/span><\/p>\n<p class=\"s6\">\n<p class=\"s6\"><span class=\"s7\"><span class=\"bumpedFont15\">\u201c<\/span><\/span><span class=\"s7\"><span class=\"bumpedFont15\">Es momento de tomar los desaf\u00edos con convicci\u00f3n, de actuar con firmeza y eficiencia, por ello, los acuerdos que se generen en esta segunda sesi\u00f3n ordinaria, se deben considerar como elementos de fortaleza y legitimaci\u00f3n institucional<\/span><\/span><span class=\"s7\"><span class=\"bumpedFont15\">\u201d, apunt\u00f3. <\/span><\/span><\/p>\n<p class=\"s6\">\n<p class=\"s6\"><span class=\"s7\"><span class=\"bumpedFont15\">En representaci\u00f3n del fiscal <\/span><\/span><span class=\"s7\"><span class=\"bumpedFont15\">g<\/span><\/span><span class=\"s7\"><span class=\"bumpedFont15\">eneral de la Rep\u00fablica y <\/span><\/span><span class=\"s7\"><span class=\"bumpedFont15\">p<\/span><\/span><span class=\"s7\"><span class=\"bumpedFont15\">residente de la Conferencia Nacional de Procuraci\u00f3n de Justicia<\/span><\/span><span class=\"s7\"><span class=\"bumpedFont15\">, <\/span><\/span><span class=\"s7\"><span class=\"bumpedFont15\">Alejandro Gertz Manero<\/span><\/span><span class=\"s7\"><span class=\"bumpedFont15\">; el <\/span><\/span><span class=\"s7\"><span class=\"bumpedFont15\">f<\/span><\/span><span class=\"s7\"><span class=\"bumpedFont15\">iscal <\/span><\/span><span class=\"s7\"><span class=\"bumpedFont15\">e<\/span><\/span><span class=\"s7\"><span class=\"bumpedFont15\">specializado en Control Regional<\/span><\/span><span class=\"s7\"><span class=\"bumpedFont15\">, <\/span><\/span><span class=\"s7\"><span class=\"bumpedFont15\">Germ\u00e1n Adolfo Castillo Banuet,<\/span><\/span><span class=\"s7\"><span class=\"bumpedFont15\">comparti\u00f3 <\/span><\/span><span class=\"s7\"><span class=\"bumpedFont15\">algunos <\/span><\/span><span class=\"s7\"><span class=\"bumpedFont15\">de los temas <\/span><\/span><span class=\"s7\"><span class=\"bumpedFont15\">a tratar en la sesi\u00f3n.<\/span><\/span><\/p>\n<p class=\"s6\">\n<p class=\"s6\"><span class=\"s7\"><span class=\"bumpedFont15\">Se\u00f1al\u00f3 que <\/span><\/span><span class=\"s7\"><span class=\"bumpedFont15\">el <\/span><\/span><span class=\"s7\"><span class=\"bumpedFont15\">Fiscal<\/span><\/span><span class=\"s7\"><span class=\"bumpedFont15\"> general de Quer\u00e9taro <\/span><\/span><span class=\"s7\"><span class=\"bumpedFont15\">presentar\u00e1 <\/span><\/span><span class=\"s7\"><span class=\"bumpedFont15\">la p<\/span><\/span><span class=\"s7\"><span class=\"bumpedFont15\">ropuesta de actualizaci\u00f3n del Convenio General de Colaboraci\u00f3n<\/span><\/span><span class=\"s7\"><span class=\"bumpedFont15\"> Interfiscal\u00edas<\/span><\/span><span class=\"s7\"><span class=\"bumpedFont15\">,<\/span><\/span><span class=\"s7\"><span class=\"bumpedFont15\"> instrumento que regula mecanismos y procedimientos para <\/span><\/span><span class=\"s7\"><span class=\"bumpedFont15\">la <\/span><\/span><span class=\"s7\"><span class=\"bumpedFont15\">colaboraci\u00f3n rec\u00edproca<\/span><\/span><span class=\"s7\"><span class=\"bumpedFont15\">; mientras que el fiscal general de <\/span><\/span><span class=\"s7\"><span class=\"bumpedFont15\">Aguascalientes<\/span><\/span><span class=\"s7\"><span class=\"bumpedFont15\">, <\/span><\/span><span class=\"s7\"><span class=\"bumpedFont15\">Jes\u00fas Figueroa Ortega<\/span><\/span><span class=\"s7\"><span class=\"bumpedFont15\">, <\/span><\/span><span class=\"s7\"><span class=\"bumpedFont15\">tratar\u00e1 el <\/span><\/span><span class=\"s7\"><span class=\"bumpedFont15\">Proyecto de Protocolo Homologado de Investigaci\u00f3n de Delitos cometidos contra personas LGBTI<\/span><\/span><span class=\"s7\"><span class=\"bumpedFont15\">+.<\/span><\/span><\/p>\n<p class=\"s6\">\n<p class=\"s6\"><span class=\"s7\"><span class=\"bumpedFont15\">Del mismo modo<\/span><\/span><span class=\"s7\"><span class=\"bumpedFont15\">, <\/span><\/span><span class=\"s7\"><span class=\"bumpedFont15\">explic\u00f3<\/span><\/span><span class=\"s7\"><span class=\"bumpedFont15\">, <\/span><\/span><span class=\"s7\"><span class=\"bumpedFont15\">se abordar\u00e1n los avance<\/span><\/span><span class=\"s7\"><span class=\"bumpedFont15\">s<\/span><\/span><span class=\"s7\"><span class=\"bumpedFont15\"> en la implementaci\u00f3n del Sistema Estad\u00edstico Nacional de Procuraci\u00f3n de Justicia<\/span><\/span> <span class=\"s7\"><span class=\"bumpedFont15\">por <\/span><\/span><span class=\"s7\"><span class=\"bumpedFont15\">el vicepresidente <\/span><\/span><span class=\"s7\"><span class=\"bumpedFont15\">de la Junta de Gobierno del Instituto Nacional de Estad\u00edstica y Geograf\u00eda<\/span><\/span><span class=\"s7\"><span class=\"bumpedFont15\">(INEGI)<\/span><\/span><span class=\"s7\"><span class=\"bumpedFont15\">,<\/span><\/span> <span class=\"s7\"><span class=\"bumpedFont15\">Adrian<\/span><\/span><span class=\"s7\"><span class=\"bumpedFont15\"> Franco Barrios; <\/span><\/span><span class=\"s7\"><span class=\"bumpedFont15\">y <\/span><\/span><span class=\"s7\"><span class=\"bumpedFont15\">el coordinador <\/span><\/span><span class=\"s7\"><span class=\"bumpedFont15\">Nacional Antisecuestro<\/span><\/span><span class=\"s7\"><span class=\"bumpedFont15\">,<\/span><\/span> <span class=\"s7\"><span class=\"bumpedFont15\">Marco Antonio Vargas Gonz\u00e1lez,<\/span><\/span><span class=\"s7\"><span class=\"bumpedFont15\"> presentar\u00e1 <\/span><\/span><span class=\"s7\"><span class=\"bumpedFont15\">propuesta de reformas <\/span><\/span><span class=\"s7\"><span class=\"bumpedFont15\">en materia de extorsi\u00f3n<\/span><\/span><span class=\"s7\"><span class=\"bumpedFont15\">.<\/span><\/span><\/p>\n<p class=\"s6\">\n<p class=\"s6\"><span class=\"s7\"><span class=\"bumpedFont15\">A su vez, la<\/span><\/span><span class=\"s7\"><span class=\"bumpedFont15\"> titular <\/span><\/span><span class=\"s7\"><span class=\"bumpedFont15\">de<\/span><\/span><span class=\"s7\"><span class=\"bumpedFont15\">l<\/span><\/span> <span class=\"s7\"><span class=\"bumpedFont15\">Centro Nacional de Planeaci\u00f3n, An\u00e1lisis e Informaci\u00f3n para el Combate a la Delincuencia<\/span><\/span><span class=\"s7\"><span class=\"bumpedFont15\">, <\/span><\/span><span class=\"s7\"><span class=\"bumpedFont15\">Edna Patricia Cepeda Morales,<\/span><\/span><span class=\"s7\"><span class=\"bumpedFont15\"> expondr\u00e1 el <\/span><\/span><span class=\"s7\"><span class=\"bumpedFont15\">Sistema <\/span><\/span><span class=\"s7\"><span class=\"bumpedFont15\">Inform\u00e1tico Nacional Interoperable<\/span><\/span><span class=\"s7\"><span class=\"bumpedFont15\">; y el <\/span><\/span><span class=\"s7\"><span class=\"bumpedFont15\">director general <\/span><\/span><span class=\"s7\"><span class=\"bumpedFont15\">del Centro Nacional de Informaci\u00f3n Plataforma M\u00e9xico<\/span><\/span><span class=\"s7\"><span class=\"bumpedFont15\">, <\/span><\/span><span class=\"s7\"><span class=\"bumpedFont15\">Idris<\/span><\/span><span class=\"s7\"><span class=\"bumpedFont15\">Rodr\u00edguez Zapata, <\/span><\/span><span class=\"s7\"><span class=\"bumpedFont15\">presentar\u00e1 el diagn\u00f3stico <\/span><\/span><span class=\"s7\"><span class=\"bumpedFont15\">de la ingesta de los registros de<\/span><\/span><span class=\"s7\"><span class=\"bumpedFont15\"> dicha plataforma. <\/span><\/span><\/p>\n<p class=\"s6\">\n<p class=\"s6\"><span class=\"s7\"><span class=\"bumpedFont15\">\u201cEstoy seguro de que<\/span><\/span><span class=\"s7\"><span class=\"bumpedFont15\">,<\/span><\/span><span class=\"s7\"><span class=\"bumpedFont15\"> con el liderazgo y acompa\u00f1amiento de todos los integrantes de esta regi\u00f3n, implementaremos acciones y estrategias para fomentar la denuncia, fortalecer las capacidades de investigaci\u00f3n, persecuci\u00f3n de los delitos y debilitar a los grupos delictivos en un marco de legalidad, corresponsabilidad y colaboraci\u00f3n\u201d<\/span><\/span><span class=\"s7\"><span class=\"bumpedFont15\">,<\/span><\/span><span class=\"s7\"><span class=\"bumpedFont15\"> puntualiz\u00f3.<\/span><\/span><\/p>\n","protected":false},"excerpt":{"rendered":"<p>El gobernador, Mauricio Kuri Gonz\u00e1lez, inaugur\u00f3 la segunda sesi\u00f3n ordinaria de la Zona Occidente de la Conferencia Nacional de Procuraci\u00f3n de Justicia, evento en el que manifest\u00f3 su disposici\u00f3n de seguir contribuyendo a la solidez del Estado de Derecho y a fortalecer las instituciones desde su posici\u00f3n como mandatario estatal. \u201cLas Fiscal\u00edas estatales y la General de la Rep\u00fablica son<\/p>\n<div class=\"h10\"><\/div>\n<p><a class=\"more-link2 flat\" href=\"https:\/\/elconspirador.com.mx\/?p=35443\">Leer m\u00e1s<\/a><\/p>\n","protected":false},"author":1,"featured_media":35444,"comment_status":"open","ping_status":"open","sticky":false,"template":"","format":"standard","meta":{"om_disable_all_campaigns":false,"_uf_show_specific_survey":0,"_uf_disable_surveys":false},"categories":[1],"tags":[],"aioseo_notices":[],"_links":{"self":[{"href":"https:\/\/elconspirador.com.mx\/index.php?rest_route=\/wp\/v2\/posts\/35443"}],"collection":[{"href":"https:\/\/elconspirador.com.mx\/index.php?rest_route=\/wp\/v2\/posts"}],"about":[{"href":"https:\/\/elconspirador.com.mx\/index.php?rest_route=\/wp\/v2\/types\/post"}],"author":[{"embeddable":true,"href":"https:\/\/elconspirador.com.mx\/index.php?rest_route=\/wp\/v2\/users\/1"}],"replies":[{"embeddable":true,"href":"https:\/\/elconspirador.com.mx\/index.php?rest_route=%2Fwp%2Fv2%2Fcomments&post=35443"}],"version-history":[{"count":1,"href":"https:\/\/elconspirador.com.mx\/index.php?rest_route=\/wp\/v2\/posts\/35443\/revisions"}],"predecessor-version":[{"id":35445,"href":"https:\/\/elconspirador.com.mx\/index.php?rest_route=\/wp\/v2\/posts\/35443\/revisions\/35445"}],"wp:featuredmedia":[{"embeddable":true,"href":"https:\/\/elconspirador.com.mx\/index.php?rest_route=\/wp\/v2\/media\/35444"}],"wp:attachment":[{"href":"https:\/\/elconspirador.com.mx\/index.php?rest_route=%2Fwp%2Fv2%2Fmedia&parent=35443"}],"wp:term":[{"taxonomy":"category","embeddable":true,"href":"https:\/\/elconspirador.com.mx\/index.php?rest_route=%2Fwp%2Fv2%2Fcategories&post=35443"},{"taxonomy":"post_tag","embeddable":true,"href":"https:\/\/elconspirador.com.mx\/index.php?rest_route=%2Fwp%2Fv2%2Ftags&post=35443"}],"curies":[{"name":"wp","href":"https:\/\/api.w.org\/{rel}","templated":true}]}}