{"id":35533,"date":"2023-10-16T13:38:50","date_gmt":"2023-10-16T19:38:50","guid":{"rendered":"https:\/\/elconspirador.com.mx\/?p=35533"},"modified":"2023-10-16T13:38:50","modified_gmt":"2023-10-16T19:38:50","slug":"arranca-registro-de-pensiones-del-bienestar","status":"publish","type":"post","link":"https:\/\/elconspirador.com.mx\/?p=35533","title":{"rendered":"ARRANCA REGISTR\u00d3 DE PENSIONES DEL BIENESTAR"},"content":{"rendered":"<p>La secretaria de Bienestar, Ariadna Montiel Reyes, inform\u00f3 que del 16 al 28 de<br \/>\noctubre se realizar\u00e1 en todo el pa\u00eds el registro de incorporaci\u00f3n a la Pensi\u00f3n para el<br \/>\nBienestar de las Personas Adultas Mayores para quienes cumplen 65 a\u00f1os en los<br \/>\nmeses de septiembre y octubre.<\/p>\n<p>Convoc\u00f3 a las personas adultas mayores a acudir a cualquiera de los dos mil 057<br \/>\nM\u00f3dulos de Bienestar. Para conocer fecha, hora y ubicaci\u00f3n de los M\u00f3dulos de<br \/>\nBienestar, deber\u00e1n ingresar con CURP en mano a la p\u00e1gina oficial de la Secretar\u00eda<br \/>\nde Bienestar gob.mx\/bienestar.<\/p>\n<p>Para brindar mejor atenci\u00f3n, el registro se realizar\u00e1 de acuerdo con la convocatoria<br \/>\nestatal emitida a trav\u00e9s de los sitios oficiales de la Delegaci\u00f3n de Programas para el<br \/>\nBienestar Quer\u00e9taro:<\/p>\n<p>www.facebook.com\/QroBienestar<br \/>\nLos requisitos para registrarse a la Pensi\u00f3n para el Bienestar de las Personas Adultas<br \/>\nMayores son:<\/p>\n<p>\u25cf Identificaci\u00f3n oficial vigente.<\/p>\n<p>\u25cf Acta de nacimiento.<\/p>\n<p>\u25cf CURP de reciente impresi\u00f3n.<\/p>\n<p>\u25cf Comprobante de domicilio no mayor a seis meses.<\/p>\n<p>\u25cf Tel\u00e9fono de contacto celular y de casa.<br \/>\nLas personas adultas mayores tienen derecho a registrar una persona auxiliar que<br \/>\nlas represente en los tr\u00e1mites, y debe presentar los mismos requisitos.<\/p>\n<p>La Pensi\u00f3n para el Bienestar de las Personas Adultas Mayores es un derecho<br \/>\nconstitucional del que gozan 11.6 millones derechohabientes en todo el pa\u00eds y el<br \/>\ntr\u00e1mite es totalmente gratuito, destac\u00f3 la secretaria Ariadna Montiel.<\/p>\n","protected":false},"excerpt":{"rendered":"<p>La secretaria de Bienestar, Ariadna Montiel Reyes, inform\u00f3 que del 16 al 28 de octubre se realizar\u00e1 en todo el pa\u00eds el registro de incorporaci\u00f3n a la Pensi\u00f3n para el Bienestar de las Personas Adultas Mayores para quienes cumplen 65 a\u00f1os en los meses de septiembre y octubre. Convoc\u00f3 a las personas adultas mayores a acudir a cualquiera de los<\/p>\n<div class=\"h10\"><\/div>\n<p><a class=\"more-link2 flat\" href=\"https:\/\/elconspirador.com.mx\/?p=35533\">Leer m\u00e1s<\/a><\/p>\n","protected":false},"author":1,"featured_media":35534,"comment_status":"open","ping_status":"open","sticky":false,"template":"","format":"standard","meta":{"om_disable_all_campaigns":false,"_uf_show_specific_survey":0,"_uf_disable_surveys":false},"categories":[1],"tags":[],"aioseo_notices":[],"_links":{"self":[{"href":"https:\/\/elconspirador.com.mx\/index.php?rest_route=\/wp\/v2\/posts\/35533"}],"collection":[{"href":"https:\/\/elconspirador.com.mx\/index.php?rest_route=\/wp\/v2\/posts"}],"about":[{"href":"https:\/\/elconspirador.com.mx\/index.php?rest_route=\/wp\/v2\/types\/post"}],"author":[{"embeddable":true,"href":"https:\/\/elconspirador.com.mx\/index.php?rest_route=\/wp\/v2\/users\/1"}],"replies":[{"embeddable":true,"href":"https:\/\/elconspirador.com.mx\/index.php?rest_route=%2Fwp%2Fv2%2Fcomments&post=35533"}],"version-history":[{"count":2,"href":"https:\/\/elconspirador.com.mx\/index.php?rest_route=\/wp\/v2\/posts\/35533\/revisions"}],"predecessor-version":[{"id":35536,"href":"https:\/\/elconspirador.com.mx\/index.php?rest_route=\/wp\/v2\/posts\/35533\/revisions\/35536"}],"wp:featuredmedia":[{"embeddable":true,"href":"https:\/\/elconspirador.com.mx\/index.php?rest_route=\/wp\/v2\/media\/35534"}],"wp:attachment":[{"href":"https:\/\/elconspirador.com.mx\/index.php?rest_route=%2Fwp%2Fv2%2Fmedia&parent=35533"}],"wp:term":[{"taxonomy":"category","embeddable":true,"href":"https:\/\/elconspirador.com.mx\/index.php?rest_route=%2Fwp%2Fv2%2Fcategories&post=35533"},{"taxonomy":"post_tag","embeddable":true,"href":"https:\/\/elconspirador.com.mx\/index.php?rest_route=%2Fwp%2Fv2%2Ftags&post=35533"}],"curies":[{"name":"wp","href":"https:\/\/api.w.org\/{rel}","templated":true}]}}