{"id":35544,"date":"2023-10-16T15:43:59","date_gmt":"2023-10-16T21:43:59","guid":{"rendered":"https:\/\/elconspirador.com.mx\/?p=35544"},"modified":"2023-10-16T15:43:59","modified_gmt":"2023-10-16T21:43:59","slug":"ya-hay-cartel-para-la-feria-2024","status":"publish","type":"post","link":"https:\/\/elconspirador.com.mx\/?p=35544","title":{"rendered":"YA HAY CARTEL PARA LA FERIA 2024"},"content":{"rendered":"<p>Esta tarde la Uni\u00f3n Ganadera Regional de Quer\u00e9taro y el director de Feria Carlos Alcocer, presentaron los carteles oficiales de los artistas que se presentar\u00e1n en el Teatro del Pueblo y el Palenque, adem\u00e1s de los diferentes espect\u00e1culos gratuitos que habr\u00e1.<\/p>\n<p>El costo del acceso a la feria ser\u00e1 de 100 pesos y igual que el del estacionamiento, con esto podr\u00e1s disfrutar de los artistas que se presentar\u00e1n en el Teatro del Pueblo, adem\u00e1s de lunes a mi\u00e9rcoles no habr\u00e1 presentaci\u00f3n de artistas, pero los juegos ser\u00e1n gratis.<\/p>\n<p>En el Teatro del Pueblo se presentar\u00e1n el Jueves 23 de Noviembre El Mexicano, Viernes 24 de Noviembre Yuri, S\u00e1bado 25 de Noviembre Cartel de Santa y el Millonario, Domingo 26 de Noviembre Los Angeles Azules, Jueves 30 de Noviembre Molotov, Viernes 1 de Diciembre La MS, S\u00e1bado 2 de Diciembre Artista sorpresa, Domingo 3 de Diciembre Bronco, Jueves 7 de Diciembre Santafe Klan, Viernes 8 de Diciembre La Adictiva, S\u00e1bado 9 de Diciembre Reik, Domingo 10 de Diciembre La Arrolladora, 11 de Diciembre Brindys y Liberaci\u00f3n y el 12 de Diciembre cierra Ram\u00f3n Ayala.<\/p>\n<p>En el Palenque se presentar\u00e1n, Gloria Trevi el 24 de Noviembre, Pancho Barraza el 26 de Noviembre, Junior H 29 de Noviembre, Palomazo Norte\u00f1o el 2 de Diciembre, Marca Registrada 3 de Diciembre, Alfredo Olivas 6 de Diciembre, Carlos Rivera 7 de Diciembre, Natanael Cano 8 de Diciembre, Eden Mu\u00f1oz 9 de Diciembre, Luis R Conriquez 10 de Diciembre, y Juli\u00f3n Alvarez el 12 de Diciembre.<\/p>\n","protected":false},"excerpt":{"rendered":"<p>Esta tarde la Uni\u00f3n Ganadera Regional de Quer\u00e9taro y el director de Feria Carlos Alcocer, presentaron los carteles oficiales de los artistas que se presentar\u00e1n en el Teatro del Pueblo y el Palenque, adem\u00e1s de los diferentes espect\u00e1culos gratuitos que habr\u00e1. El costo del acceso a la feria ser\u00e1 de 100 pesos y igual que el del estacionamiento, con esto<\/p>\n<div class=\"h10\"><\/div>\n<p><a class=\"more-link2 flat\" href=\"https:\/\/elconspirador.com.mx\/?p=35544\">Leer m\u00e1s<\/a><\/p>\n","protected":false},"author":1,"featured_media":35545,"comment_status":"open","ping_status":"open","sticky":false,"template":"","format":"standard","meta":{"om_disable_all_campaigns":false,"_uf_show_specific_survey":0,"_uf_disable_surveys":false},"categories":[1],"tags":[],"aioseo_notices":[],"_links":{"self":[{"href":"https:\/\/elconspirador.com.mx\/index.php?rest_route=\/wp\/v2\/posts\/35544"}],"collection":[{"href":"https:\/\/elconspirador.com.mx\/index.php?rest_route=\/wp\/v2\/posts"}],"about":[{"href":"https:\/\/elconspirador.com.mx\/index.php?rest_route=\/wp\/v2\/types\/post"}],"author":[{"embeddable":true,"href":"https:\/\/elconspirador.com.mx\/index.php?rest_route=\/wp\/v2\/users\/1"}],"replies":[{"embeddable":true,"href":"https:\/\/elconspirador.com.mx\/index.php?rest_route=%2Fwp%2Fv2%2Fcomments&post=35544"}],"version-history":[{"count":1,"href":"https:\/\/elconspirador.com.mx\/index.php?rest_route=\/wp\/v2\/posts\/35544\/revisions"}],"predecessor-version":[{"id":35546,"href":"https:\/\/elconspirador.com.mx\/index.php?rest_route=\/wp\/v2\/posts\/35544\/revisions\/35546"}],"wp:featuredmedia":[{"embeddable":true,"href":"https:\/\/elconspirador.com.mx\/index.php?rest_route=\/wp\/v2\/media\/35545"}],"wp:attachment":[{"href":"https:\/\/elconspirador.com.mx\/index.php?rest_route=%2Fwp%2Fv2%2Fmedia&parent=35544"}],"wp:term":[{"taxonomy":"category","embeddable":true,"href":"https:\/\/elconspirador.com.mx\/index.php?rest_route=%2Fwp%2Fv2%2Fcategories&post=35544"},{"taxonomy":"post_tag","embeddable":true,"href":"https:\/\/elconspirador.com.mx\/index.php?rest_route=%2Fwp%2Fv2%2Ftags&post=35544"}],"curies":[{"name":"wp","href":"https:\/\/api.w.org\/{rel}","templated":true}]}}