{"id":35553,"date":"2023-10-17T06:47:43","date_gmt":"2023-10-17T12:47:43","guid":{"rendered":"https:\/\/elconspirador.com.mx\/?p=35553"},"modified":"2023-10-17T06:47:43","modified_gmt":"2023-10-17T12:47:43","slug":"concientiza-la-capital-sobre-el-cancer-de-mama","status":"publish","type":"post","link":"https:\/\/elconspirador.com.mx\/?p=35553","title":{"rendered":"CONCIENTIZA LA CAPITAL SOBRE EL C\u00c1NCER DE MAMA"},"content":{"rendered":"<p>El Municipio de Quer\u00e9taro, a trav\u00e9s del Departamento de Recursos Humanos de la Secretar\u00eda de Administraci\u00f3n, la Secretar\u00eda de la Mujer y el Instituto Municipal de las Mujeres, en colaboraci\u00f3n con Grupo Reto Quer\u00e9taro, I.A.P., llev\u00f3 a cabo una conferencia de sensibilizaci\u00f3n para informar y concientizar a funcionarias municipales sobre la importancia de la detecci\u00f3n temprana del c\u00e1ncer de mama.<\/p>\n<p>\u201cQuiero agradecer a Rosario el que comparta su experiencia y que nos ayude su voluntariado del Grupo Reto a compartir con otras mujeres y con otros caballeros tambi\u00e9n, la importancia de la prevenci\u00f3n\u2026 pero la lucha contra el c\u00e1ncer de mama no solamente es el mes de octubre, es todos los meses, es cada mes en el cual hay que estar previniendo, autoexplor\u00e1ndonos, precisamente para tratar de prevenir el mayor n\u00famero de casos de mujeres que padezcan esta enfermedad\u201d, se\u00f1al\u00f3 la Directora del Instituto Municipal de las Mujeres, Janett Aguilar Mercado.<\/p>\n<p>La conferencia fue impartida por Mar\u00eda del Rosario Jim\u00e9nez Velazco, miembro del Consejo de Grupo Reto, Quer\u00e9taro I.A.P. y sobreviviente del c\u00e1ncer, lo que aporta una perspectiva valiosa y alentadora a la conferencia. Rosario a\u00f1adi\u00f3 que el 70 por ciento de los casos de c\u00e1ncer de mama en el pa\u00eds se diagnostican en etapas cl\u00ednicas avanzadas, solo alrededor del 20 por ciento de las mujeres mexicanas se han realizado una mamograf\u00eda en su vida, y una de cada 8 mujeres puede enfrentar esta enfermedad en alg\u00fan momento de su vida, especialmente aquellas en el grupo de edad de 40 a 59 a\u00f1os.<\/p>\n<p>En el Instituto de la Mujer, se trabaja para fomentar la colaboraci\u00f3n entre dependencias y organismos del sector salud para promover campa\u00f1as preventivas, as\u00ed como establecer una estrecha cooperaci\u00f3n con organizaciones de la sociedad civil que abogan por los derechos de las mujeres; para este mes realizar campa\u00f1as de sensibilizaci\u00f3n sobre los derechos humanos y la salud de las mujeres dentro de la administraci\u00f3n p\u00fablica municipal, con especial \u00e9nfasis en la prevenci\u00f3n del c\u00e1ncer de mama.<\/p>\n<p>Adem\u00e1s de este esfuerzo, el Municipio de Quer\u00e9taro ofrece a sus colaboradoras la campa\u00f1a de Esc\u00e1ner Mamario del programa M\u00e9dico Contigo, que est\u00e1 disponible en el estacionamiento del Centro C\u00edvico de Quer\u00e9taro en un horario de 8:30 de la ma\u00f1ana a las 4:00 de la tarde. Para mayor informaci\u00f3n se encuentra disponible la extensi\u00f3n 7187 o marcando al 070, al 561 012 12 48 o en la p\u00e1gina medicocontigo.com<\/p>\n","protected":false},"excerpt":{"rendered":"<p>El Municipio de Quer\u00e9taro, a trav\u00e9s del Departamento de Recursos Humanos de la Secretar\u00eda de Administraci\u00f3n, la Secretar\u00eda de la Mujer y el Instituto Municipal de las Mujeres, en colaboraci\u00f3n con Grupo Reto Quer\u00e9taro, I.A.P., llev\u00f3 a cabo una conferencia de sensibilizaci\u00f3n para informar y concientizar a funcionarias municipales sobre la importancia de la detecci\u00f3n temprana del c\u00e1ncer de mama.<\/p>\n<div class=\"h10\"><\/div>\n<p><a class=\"more-link2 flat\" href=\"https:\/\/elconspirador.com.mx\/?p=35553\">Leer m\u00e1s<\/a><\/p>\n","protected":false},"author":1,"featured_media":35554,"comment_status":"open","ping_status":"open","sticky":false,"template":"","format":"standard","meta":{"om_disable_all_campaigns":false,"_uf_show_specific_survey":0,"_uf_disable_surveys":false},"categories":[1],"tags":[],"aioseo_notices":[],"_links":{"self":[{"href":"https:\/\/elconspirador.com.mx\/index.php?rest_route=\/wp\/v2\/posts\/35553"}],"collection":[{"href":"https:\/\/elconspirador.com.mx\/index.php?rest_route=\/wp\/v2\/posts"}],"about":[{"href":"https:\/\/elconspirador.com.mx\/index.php?rest_route=\/wp\/v2\/types\/post"}],"author":[{"embeddable":true,"href":"https:\/\/elconspirador.com.mx\/index.php?rest_route=\/wp\/v2\/users\/1"}],"replies":[{"embeddable":true,"href":"https:\/\/elconspirador.com.mx\/index.php?rest_route=%2Fwp%2Fv2%2Fcomments&post=35553"}],"version-history":[{"count":1,"href":"https:\/\/elconspirador.com.mx\/index.php?rest_route=\/wp\/v2\/posts\/35553\/revisions"}],"predecessor-version":[{"id":35555,"href":"https:\/\/elconspirador.com.mx\/index.php?rest_route=\/wp\/v2\/posts\/35553\/revisions\/35555"}],"wp:featuredmedia":[{"embeddable":true,"href":"https:\/\/elconspirador.com.mx\/index.php?rest_route=\/wp\/v2\/media\/35554"}],"wp:attachment":[{"href":"https:\/\/elconspirador.com.mx\/index.php?rest_route=%2Fwp%2Fv2%2Fmedia&parent=35553"}],"wp:term":[{"taxonomy":"category","embeddable":true,"href":"https:\/\/elconspirador.com.mx\/index.php?rest_route=%2Fwp%2Fv2%2Fcategories&post=35553"},{"taxonomy":"post_tag","embeddable":true,"href":"https:\/\/elconspirador.com.mx\/index.php?rest_route=%2Fwp%2Fv2%2Ftags&post=35553"}],"curies":[{"name":"wp","href":"https:\/\/api.w.org\/{rel}","templated":true}]}}