{"id":35562,"date":"2023-10-16T20:09:30","date_gmt":"2023-10-17T02:09:30","guid":{"rendered":"https:\/\/elconspirador.com.mx\/?p=35562"},"modified":"2023-10-16T20:09:30","modified_gmt":"2023-10-17T02:09:30","slug":"entrega-la-capital-canchas-en-srj","status":"publish","type":"post","link":"https:\/\/elconspirador.com.mx\/?p=35562","title":{"rendered":"ENTREGA LA CAPITAL CANCHAS EN SRJ"},"content":{"rendered":"<p>&nbsp;<\/p>\n<p>El Presidente Municipal, Luis Nava, acudi\u00f3 a las canchas Cristal, ubicadas en la cabecera de la delegaci\u00f3n Santa Rosa J\u00e1uregui, para hacer entrega de las obras de remodelaci\u00f3n de una superficie de m\u00e1s de cuatro mil metros cuadrados en los que ahora se pueden promover ambientes saludables, unificadores de la sociedad y libres de violencia.<\/p>\n<p>Durante el recorrido, Luis Nava coment\u00f3 a las y los ciudadanos que la rehabilitaci\u00f3n de espacios p\u00fablicos impacta directamente en el bienestar y el desarrollo integral de la poblaci\u00f3n, y que al mismo tiempo mejora la imagen de la ciudad al proporcionar lugares seguros para que la comunidad pueda realizar actividades deportivas y sociales que generan una mayor cohesi\u00f3n entre los vecinos.<\/p>\n<p>La Secretaria de Servicios P\u00fablicos Municipales, Alejandra Haro de la Torre, detall\u00f3 que en esta superficie de cuatro mil 824 metros cuadrados se rehabilitaron los juegos infantiles, la pista de patinaje, se instalaron gimnasios al aire libre y jardineras; tambi\u00e9n se colocaron p\u00e9rgolas y se aplic\u00f3 pintura en las canchas de f\u00fatbol y de b\u00e1squet; adem\u00e1s se habilit\u00f3 el alumbrado, el sistema de riego, las bancas, plazoletas y la malla perimetral de las canchas.<\/p>\n<p>Tambi\u00e9n se rehabilitaron los ba\u00f1os y las \u00e1rea verdes con colocaci\u00f3n de texturas y m\u00e1s de 5 mil 300 plantas de especies como agapando, suculentas, romero, fornio, entre otras; as\u00ed como 26 \u00e1rboles de especies como cipr\u00e9s, pata de vaca y acacia negra.<\/p>\n<p>Las y los integrantes del Comit\u00e9 Parque Canchas Cristal Santa Rosa J\u00e1uregui, dijeron que con estas obras le regresan la vida a este espacio que deb\u00eda ser punto de encuentro para los habitantes, pero que estaba en completo abandono.<\/p>\n","protected":false},"excerpt":{"rendered":"<p>&nbsp; El Presidente Municipal, Luis Nava, acudi\u00f3 a las canchas Cristal, ubicadas en la cabecera de la delegaci\u00f3n Santa Rosa J\u00e1uregui, para hacer entrega de las obras de remodelaci\u00f3n de una superficie de m\u00e1s de cuatro mil metros cuadrados en los que ahora se pueden promover ambientes saludables, unificadores de la sociedad y libres de violencia. Durante el recorrido, Luis<\/p>\n<div class=\"h10\"><\/div>\n<p><a class=\"more-link2 flat\" href=\"https:\/\/elconspirador.com.mx\/?p=35562\">Leer m\u00e1s<\/a><\/p>\n","protected":false},"author":1,"featured_media":35563,"comment_status":"open","ping_status":"open","sticky":false,"template":"","format":"standard","meta":{"om_disable_all_campaigns":false,"_uf_show_specific_survey":0,"_uf_disable_surveys":false},"categories":[1],"tags":[],"aioseo_notices":[],"_links":{"self":[{"href":"https:\/\/elconspirador.com.mx\/index.php?rest_route=\/wp\/v2\/posts\/35562"}],"collection":[{"href":"https:\/\/elconspirador.com.mx\/index.php?rest_route=\/wp\/v2\/posts"}],"about":[{"href":"https:\/\/elconspirador.com.mx\/index.php?rest_route=\/wp\/v2\/types\/post"}],"author":[{"embeddable":true,"href":"https:\/\/elconspirador.com.mx\/index.php?rest_route=\/wp\/v2\/users\/1"}],"replies":[{"embeddable":true,"href":"https:\/\/elconspirador.com.mx\/index.php?rest_route=%2Fwp%2Fv2%2Fcomments&post=35562"}],"version-history":[{"count":1,"href":"https:\/\/elconspirador.com.mx\/index.php?rest_route=\/wp\/v2\/posts\/35562\/revisions"}],"predecessor-version":[{"id":35564,"href":"https:\/\/elconspirador.com.mx\/index.php?rest_route=\/wp\/v2\/posts\/35562\/revisions\/35564"}],"wp:featuredmedia":[{"embeddable":true,"href":"https:\/\/elconspirador.com.mx\/index.php?rest_route=\/wp\/v2\/media\/35563"}],"wp:attachment":[{"href":"https:\/\/elconspirador.com.mx\/index.php?rest_route=%2Fwp%2Fv2%2Fmedia&parent=35562"}],"wp:term":[{"taxonomy":"category","embeddable":true,"href":"https:\/\/elconspirador.com.mx\/index.php?rest_route=%2Fwp%2Fv2%2Fcategories&post=35562"},{"taxonomy":"post_tag","embeddable":true,"href":"https:\/\/elconspirador.com.mx\/index.php?rest_route=%2Fwp%2Fv2%2Ftags&post=35562"}],"curies":[{"name":"wp","href":"https:\/\/api.w.org\/{rel}","templated":true}]}}