{"id":35586,"date":"2023-10-17T11:27:54","date_gmt":"2023-10-17T17:27:54","guid":{"rendered":"https:\/\/elconspirador.com.mx\/?p=35586"},"modified":"2023-10-17T11:27:54","modified_gmt":"2023-10-17T17:27:54","slug":"presentan-concurso-de-la-flor-mas-bella-del-campo","status":"publish","type":"post","link":"https:\/\/elconspirador.com.mx\/?p=35586","title":{"rendered":"PRESENTAN CONCURSO DE LA FLOR M\u00c1S BELLA DEL CAMPO"},"content":{"rendered":"<p>Autoridades de El Marques presentaron el evento \u201cLa Flor M\u00e1s Bella del Campo\u201d, que busca impulsar las tradiciones de los comisariados ejidales del municipio.<\/p>\n<p>El evento se llevar\u00e1 a cabo el pr\u00f3ximo 22 de octubre, en las instalaciones de la Uni\u00f3n de Ejidos, que arrancar\u00e1 desde las 10 de ma\u00f1ana, ya que se realizar\u00e1 un recorrido con carretas adornadas, acompa\u00f1ado de una Cabalgata para concluir con la coronaci\u00f3n de la Flor M\u00e1s Bella del Campo.<\/p>\n<p>En dicho concurso participar\u00e1n 25 j\u00f3venes pertenecientes a la Uni\u00f3n de Ejidos Graciano S\u00e1nchez, misma que est\u00e1 compuesta por 35 ejidos y m\u00e1s de dos mil 800 integrantes a esta uni\u00f3n.<\/p>\n<p>Cabe destacar que desde 1992 el evento se realiza en el municipio de El Marqu\u00e9s, y tiene como objetivo reconocer la labor de las mujeres en las jornadas que se llevan diariamente en el campo marquesino.<\/p>\n<p>Cabe destacar que la premiaci\u00f3n se llevar\u00e1 a cabo el mismo d\u00eda en las instalaciones del concurso y ser\u00e1n de<\/p>\n<p>Los premios ser\u00e1n de 100 mil pesos \u00a0en especie al primer lugar, cerca de 70 mil para el segundo y el tercero se llevar\u00e1 50 mil pesos, y se esperan m\u00e1s de mil 500 personas est\u00e1n esperando al concurso.<\/p>\n","protected":false},"excerpt":{"rendered":"<p>Autoridades de El Marques presentaron el evento \u201cLa Flor M\u00e1s Bella del Campo\u201d, que busca impulsar las tradiciones de los comisariados ejidales del municipio. El evento se llevar\u00e1 a cabo el pr\u00f3ximo 22 de octubre, en las instalaciones de la Uni\u00f3n de Ejidos, que arrancar\u00e1 desde las 10 de ma\u00f1ana, ya que se realizar\u00e1 un recorrido con carretas adornadas, acompa\u00f1ado<\/p>\n<div class=\"h10\"><\/div>\n<p><a class=\"more-link2 flat\" href=\"https:\/\/elconspirador.com.mx\/?p=35586\">Leer m\u00e1s<\/a><\/p>\n","protected":false},"author":1,"featured_media":35589,"comment_status":"open","ping_status":"open","sticky":false,"template":"","format":"standard","meta":{"om_disable_all_campaigns":false,"_uf_show_specific_survey":0,"_uf_disable_surveys":false},"categories":[1],"tags":[],"aioseo_notices":[],"_links":{"self":[{"href":"https:\/\/elconspirador.com.mx\/index.php?rest_route=\/wp\/v2\/posts\/35586"}],"collection":[{"href":"https:\/\/elconspirador.com.mx\/index.php?rest_route=\/wp\/v2\/posts"}],"about":[{"href":"https:\/\/elconspirador.com.mx\/index.php?rest_route=\/wp\/v2\/types\/post"}],"author":[{"embeddable":true,"href":"https:\/\/elconspirador.com.mx\/index.php?rest_route=\/wp\/v2\/users\/1"}],"replies":[{"embeddable":true,"href":"https:\/\/elconspirador.com.mx\/index.php?rest_route=%2Fwp%2Fv2%2Fcomments&post=35586"}],"version-history":[{"count":3,"href":"https:\/\/elconspirador.com.mx\/index.php?rest_route=\/wp\/v2\/posts\/35586\/revisions"}],"predecessor-version":[{"id":35593,"href":"https:\/\/elconspirador.com.mx\/index.php?rest_route=\/wp\/v2\/posts\/35586\/revisions\/35593"}],"wp:featuredmedia":[{"embeddable":true,"href":"https:\/\/elconspirador.com.mx\/index.php?rest_route=\/wp\/v2\/media\/35589"}],"wp:attachment":[{"href":"https:\/\/elconspirador.com.mx\/index.php?rest_route=%2Fwp%2Fv2%2Fmedia&parent=35586"}],"wp:term":[{"taxonomy":"category","embeddable":true,"href":"https:\/\/elconspirador.com.mx\/index.php?rest_route=%2Fwp%2Fv2%2Fcategories&post=35586"},{"taxonomy":"post_tag","embeddable":true,"href":"https:\/\/elconspirador.com.mx\/index.php?rest_route=%2Fwp%2Fv2%2Ftags&post=35586"}],"curies":[{"name":"wp","href":"https:\/\/api.w.org\/{rel}","templated":true}]}}