{"id":35597,"date":"2023-10-17T12:27:32","date_gmt":"2023-10-17T18:27:32","guid":{"rendered":"https:\/\/elconspirador.com.mx\/?p=35597"},"modified":"2023-10-17T12:27:32","modified_gmt":"2023-10-17T18:27:32","slug":"establecen-horarios-para-festejo-de-dia-de-muertos-en-panteones-capitalinos","status":"publish","type":"post","link":"https:\/\/elconspirador.com.mx\/?p=35597","title":{"rendered":"ESTABLECEN HORARIOS PARA FESTEJO DE D\u00cdA DE MUERTOS EN PANTEONES CAPITALINOS"},"content":{"rendered":"<p>Los ocho panteones municipales operar\u00e1n de 7:00 a 18:00 horas los d\u00edas 1 y 2 de noviembre, inform\u00f3 Alejandra Haro de la Torre, secretaria de servicios p\u00fablicos municipales, quien mencion\u00f3 que se espera una afluencia de m\u00e1s de 123 mil personas en ambos d\u00edas.<\/p>\n<p>En rueda de prensa, coment\u00f3 que el a\u00f1o pasado se tuvo una afluencia de 123 mil 561 personas en los panteones Cimatario, San Pedro M\u00e1rtir, Mompan\u00ed, H\u00e9rcules, Santa Rosa J\u00e1uregui, Buenavista, Pinto y Jofre, de los cuales 22 mil 150 acudieron el 1 de noviembre y 101 mil 411 el 2 de noviembre.<\/p>\n<p>A\u00f1adi\u00f3 que los panteones m\u00e1s visitados fueron el Cimatario con m\u00e1s de 40 mil 200 visitantes, el de Santa Rosa J\u00e1uregui con m\u00e1s de 24 mil 700 y San Pedro M\u00e1rtir con m\u00e1s de 18 mil.<\/p>\n<p>\u201cHacemos el llamado a la poblaci\u00f3n que asistan para mantener un orden y seguir las indicaciones tanto del personal de servicios p\u00fablicos como de las dependencias que intervienen durante estos d\u00edas\u201d, dijo.<\/p>\n<p>Pidi\u00f3 a la ciudadan\u00eda que acuda a los panteones a ser respetuosa de las cocheras de los vecinos y refiri\u00f3 que se permitir\u00e1 \u00fanicamente el ingreso de grupos de m\u00fasica y comida.<\/p>\n<p>Precis\u00f3 que participar\u00e1n 300 personas operativas en los recintos municipales para realizar actividades de barrido manual, papeleo, desmalezado y repartici\u00f3n de agua con pipas, as\u00ed como 80 personas para la limpieza general de jardines, plazas p\u00fablicas y calles del primer cuadro de la ciudad como jard\u00edn Guerrero, Madero, 16 de septiembre, Constituci\u00f3n y de Armas.<\/p>\n<p>Refiri\u00f3 que los 1 y 2 de noviembre se mantendr\u00e1 con los mismos horarios la recolecci\u00f3n de residuos domiciliaria, adem\u00e1s de que se colocaron alrededor de 52 mil ejemplares de flor de cempas\u00fachil en plaza de Armas, plaza Constituci\u00f3n, plaza Fundadores, jard\u00edn Zenea, jard\u00edn Corregidora, pante\u00f3n de los queretanos ilustres, el tanque y panteones.<\/p>\n","protected":false},"excerpt":{"rendered":"<p>Los ocho panteones municipales operar\u00e1n de 7:00 a 18:00 horas los d\u00edas 1 y 2 de noviembre, inform\u00f3 Alejandra Haro de la Torre, secretaria de servicios p\u00fablicos municipales, quien mencion\u00f3 que se espera una afluencia de m\u00e1s de 123 mil personas en ambos d\u00edas. En rueda de prensa, coment\u00f3 que el a\u00f1o pasado se tuvo una afluencia de 123 mil<\/p>\n<div class=\"h10\"><\/div>\n<p><a class=\"more-link2 flat\" href=\"https:\/\/elconspirador.com.mx\/?p=35597\">Leer m\u00e1s<\/a><\/p>\n","protected":false},"author":1,"featured_media":35598,"comment_status":"open","ping_status":"open","sticky":false,"template":"","format":"standard","meta":{"om_disable_all_campaigns":false,"_uf_show_specific_survey":0,"_uf_disable_surveys":false},"categories":[1],"tags":[],"aioseo_notices":[],"_links":{"self":[{"href":"https:\/\/elconspirador.com.mx\/index.php?rest_route=\/wp\/v2\/posts\/35597"}],"collection":[{"href":"https:\/\/elconspirador.com.mx\/index.php?rest_route=\/wp\/v2\/posts"}],"about":[{"href":"https:\/\/elconspirador.com.mx\/index.php?rest_route=\/wp\/v2\/types\/post"}],"author":[{"embeddable":true,"href":"https:\/\/elconspirador.com.mx\/index.php?rest_route=\/wp\/v2\/users\/1"}],"replies":[{"embeddable":true,"href":"https:\/\/elconspirador.com.mx\/index.php?rest_route=%2Fwp%2Fv2%2Fcomments&post=35597"}],"version-history":[{"count":2,"href":"https:\/\/elconspirador.com.mx\/index.php?rest_route=\/wp\/v2\/posts\/35597\/revisions"}],"predecessor-version":[{"id":35603,"href":"https:\/\/elconspirador.com.mx\/index.php?rest_route=\/wp\/v2\/posts\/35597\/revisions\/35603"}],"wp:featuredmedia":[{"embeddable":true,"href":"https:\/\/elconspirador.com.mx\/index.php?rest_route=\/wp\/v2\/media\/35598"}],"wp:attachment":[{"href":"https:\/\/elconspirador.com.mx\/index.php?rest_route=%2Fwp%2Fv2%2Fmedia&parent=35597"}],"wp:term":[{"taxonomy":"category","embeddable":true,"href":"https:\/\/elconspirador.com.mx\/index.php?rest_route=%2Fwp%2Fv2%2Fcategories&post=35597"},{"taxonomy":"post_tag","embeddable":true,"href":"https:\/\/elconspirador.com.mx\/index.php?rest_route=%2Fwp%2Fv2%2Ftags&post=35597"}],"curies":[{"name":"wp","href":"https:\/\/api.w.org\/{rel}","templated":true}]}}