{"id":35600,"date":"2023-10-17T17:18:19","date_gmt":"2023-10-17T23:18:19","guid":{"rendered":"https:\/\/elconspirador.com.mx\/?p=35600"},"modified":"2023-10-17T17:18:19","modified_gmt":"2023-10-17T23:18:19","slug":"entregaran-590-permisos-para-comercio-para-el-dia-de-muertos","status":"publish","type":"post","link":"https:\/\/elconspirador.com.mx\/?p=35600","title":{"rendered":"ENTREGAR\u00c1N 590 PERMISOS PARA COMERCIO PARA EL D\u00cdA DE MUERTOS"},"content":{"rendered":"<p>Del 29 de octubre al 2 de noviembre se instalar\u00e1n 590 comerciantes en la v\u00eda p\u00fablica como parte de la celebraci\u00f3n de D\u00eda de Muertos en la capital, dio a conocer Arturo Molina Zamora, secretario de gobierno del municipio de Quer\u00e9taro.<\/p>\n<p>Coment\u00f3 que los comerciantes vender\u00e1n dulces, calaveritas, flores y antojitos mexicanos, como tradicionalmente se realiza cada a\u00f1o.<\/p>\n<p>Detall\u00f3 que, de los 590 espacios, 160 se instalar\u00e1n en jard\u00edn guerrero, 50 en jard\u00edn Santa Clara, 55 en Madero, 55 en 16 de septiembre, 170 en el pante\u00f3n Cimatario y 100 en el pante\u00f3n de H\u00e9rcules.<\/p>\n<p>En tanto, Francisco Ram\u00edrez Santana, director de protecci\u00f3n civil de la capital, mencion\u00f3 que, previamente, se realizaron reuniones con autoridades de seguridad p\u00fablica, inspecci\u00f3n en comercio, movilidad y protecci\u00f3n civil y cuerpos de emergencia para coordinar el operativo.<\/p>\n<p>Indic\u00f3 que se contar\u00e1 con un operativo de coordinaci\u00f3n de accidentes en el pante\u00f3n Cimatario, donde coordinar\u00e1n estrategias para los panteones, adem\u00e1s de que se contar\u00e1 con 18 ambulancias de atenci\u00f3n m\u00e9dica prehospitalaria.<\/p>\n<p>\u201cHemos dispuesto recorridos espec\u00edficos en los ocho panteones que hay en el municipio de Quer\u00e9taro para identificar alg\u00fan panal de abejas, alguna zanja, cable, tronco, poste para que podamos solucionarlo de manera anticipada\u201d, apunt\u00f3.<\/p>\n","protected":false},"excerpt":{"rendered":"<p>Del 29 de octubre al 2 de noviembre se instalar\u00e1n 590 comerciantes en la v\u00eda p\u00fablica como parte de la celebraci\u00f3n de D\u00eda de Muertos en la capital, dio a conocer Arturo Molina Zamora, secretario de gobierno del municipio de Quer\u00e9taro. Coment\u00f3 que los comerciantes vender\u00e1n dulces, calaveritas, flores y antojitos mexicanos, como tradicionalmente se realiza cada a\u00f1o. Detall\u00f3 que,<\/p>\n<div class=\"h10\"><\/div>\n<p><a class=\"more-link2 flat\" href=\"https:\/\/elconspirador.com.mx\/?p=35600\">Leer m\u00e1s<\/a><\/p>\n","protected":false},"author":1,"featured_media":35601,"comment_status":"open","ping_status":"open","sticky":false,"template":"","format":"standard","meta":{"om_disable_all_campaigns":false,"_uf_show_specific_survey":0,"_uf_disable_surveys":false},"categories":[1],"tags":[],"aioseo_notices":[],"_links":{"self":[{"href":"https:\/\/elconspirador.com.mx\/index.php?rest_route=\/wp\/v2\/posts\/35600"}],"collection":[{"href":"https:\/\/elconspirador.com.mx\/index.php?rest_route=\/wp\/v2\/posts"}],"about":[{"href":"https:\/\/elconspirador.com.mx\/index.php?rest_route=\/wp\/v2\/types\/post"}],"author":[{"embeddable":true,"href":"https:\/\/elconspirador.com.mx\/index.php?rest_route=\/wp\/v2\/users\/1"}],"replies":[{"embeddable":true,"href":"https:\/\/elconspirador.com.mx\/index.php?rest_route=%2Fwp%2Fv2%2Fcomments&post=35600"}],"version-history":[{"count":1,"href":"https:\/\/elconspirador.com.mx\/index.php?rest_route=\/wp\/v2\/posts\/35600\/revisions"}],"predecessor-version":[{"id":35602,"href":"https:\/\/elconspirador.com.mx\/index.php?rest_route=\/wp\/v2\/posts\/35600\/revisions\/35602"}],"wp:featuredmedia":[{"embeddable":true,"href":"https:\/\/elconspirador.com.mx\/index.php?rest_route=\/wp\/v2\/media\/35601"}],"wp:attachment":[{"href":"https:\/\/elconspirador.com.mx\/index.php?rest_route=%2Fwp%2Fv2%2Fmedia&parent=35600"}],"wp:term":[{"taxonomy":"category","embeddable":true,"href":"https:\/\/elconspirador.com.mx\/index.php?rest_route=%2Fwp%2Fv2%2Fcategories&post=35600"},{"taxonomy":"post_tag","embeddable":true,"href":"https:\/\/elconspirador.com.mx\/index.php?rest_route=%2Fwp%2Fv2%2Ftags&post=35600"}],"curies":[{"name":"wp","href":"https:\/\/api.w.org\/{rel}","templated":true}]}}