{"id":35610,"date":"2023-10-17T19:14:25","date_gmt":"2023-10-18T01:14:25","guid":{"rendered":"https:\/\/elconspirador.com.mx\/?p=35610"},"modified":"2023-10-17T19:14:25","modified_gmt":"2023-10-18T01:14:25","slug":"actividades-culturales-en-la-capital-durante-el-dia-de-muertos","status":"publish","type":"post","link":"https:\/\/elconspirador.com.mx\/?p=35610","title":{"rendered":"ACTIVIDADES CULTURALES EN LA CAPITAL DURANTE EL D\u00cdA DE MUERTOS"},"content":{"rendered":"<p>&nbsp;<\/p>\n<p>El Municipio de Quer\u00e9taro present\u00f3 las actividades culturales y tur\u00edsticas que se realizar\u00e1n en la ciudad con motivo del D\u00eda de Muertos 2023, y entre los que destaca la exposici\u00f3n \u201cMictl\u00e1n, camino al inframundo. Festival de D\u00eda de Muertos 2023\u201d, que se realizar\u00e1 del 27 de octubre al 2 de noviembre en la Alameda Hidalgo.<\/p>\n<p>Con la representaci\u00f3n del Presidente Municipal, el Secretario de Gobierno, Luis Nava, inform\u00f3 adem\u00e1s de los operativos que se realizar\u00e1n en materia de Inspecci\u00f3n, Protecci\u00f3n Civil y Servicios P\u00fablicos, para que las familias puedan vivir esta festividad en orden y de manera segura.<\/p>\n<p>\u201cLas y los invitamos a vivir y preservar nuestras tradiciones en familia; que las ni\u00f1as y ni\u00f1os conozcan los ritos y s\u00edmbolos que nos dan identidad como comunidad. Y hacemos tambi\u00e9n la invitaci\u00f3n a recordar y conmemorar a nuestros muertos en un ambiente de armon\u00eda, respetando las indicaciones de los cuerpos de emergencia. Estamos seguros que con actividades como est\u00e1s, seguiremos impulsando la cultura, el turismo y el comercio local, para que las familias vivan mejor en el Quer\u00e9taro que queremos\u201d, se\u00f1al\u00f3 Arturo Molina Zamora.<\/p>\n<p>La Secretaria de Turismo, Alejandra Iturbe Rosas, se\u00f1al\u00f3 que durante los festejos se esperan unos 140 mil turistas en el Centro Hist\u00f3rico, con una derrama econ\u00f3mica de hasta 255 millones de pesos; lo que impulsar\u00e1 al sector comercio y servicios, y brindar\u00e1 beneficios directos a comercios locales, as\u00ed como a los 590 comerciantes en v\u00eda p\u00fablica que se instalar\u00e1n en el Jard\u00edn Guerrero, Santa Clara, Andador Madero y 16 de septiembre y en los panteones municipales, para ofrecer desde antojitos mexicanos, juguetes y dulces t\u00edpicos, calaveras de az\u00facar y flores.<\/p>\n<p>En representaci\u00f3n de la Secretaria de Cultura, Teresa Garc\u00eda Besn\u00e9, la Coordinadora de Log\u00edstica, Sandra P\u00e9rez Fern\u00e1ndez, invit\u00f3 a la ciudadan\u00eda a la Alameda Hidalgo, donde el 27 de octubre a las 18:45 se inaugurar\u00e1 \u201cMictl\u00e1n, camino al Inframundo\u201d que a partir de esa fecha y hasta el 2 de noviembre presentar\u00e1 figuras que representan los nueve niveles del Mictl\u00e1n, tapetes elaborados con semillas y 22 actividades art\u00edsticas que incluyen m\u00fasica, danza, realidad aumentada y realidad virtual. Adicional a estos eventos, del 22 de octubre al 12 de noviembre se tendr\u00e1n actividades en el Teatro de la Ciudad, Estaci\u00f3n H\u00e9rcules, Centro Cultural La V\u00eda y en la Cineteca Rosal\u00edo Solano.<\/p>\n<p>Por su parte, el Director de la Coordinaci\u00f3n Municipal de Protecci\u00f3n Civil, Francisco Ram\u00edrez, inform\u00f3 que se establecer\u00e1 un centro de mando en el pante\u00f3n de Cimatario con la presencia de 18 ambulancias de diferentes cuerpos de emergencia, Seguridad P\u00fablica Municipal y otras dependencias, con el fin de brindar supervisi\u00f3n constante en puntos con mayor afluencia como panteones, Centro Hist\u00f3rico y la Alameda. Asimismo, se llevar\u00e1n a cabo inspecciones y evaluaciones de riesgos en los puestos semifijos, con especial atenci\u00f3n a aquellos que requieren de instalaciones de gas.<\/p>\n<p>Finalmente, la Secretaria de Servicios P\u00fablicos Municipales, Alejandra Haro de la Torre, se\u00f1al\u00f3 que los ocho panteones funcionar\u00e1n desde las 7:00 a las 18:00 horas los d\u00edas 1 y 2 de noviembre, por lo que se ha dispuesto un equipo de 300 trabajadores operativos encargados de mantener la limpieza y el mantenimiento. En cuanto al horario de recolecci\u00f3n de residuos, inform\u00f3 que operar\u00e1 de manera normal el 1 y 2 de noviembre, por lo que hizo el llamado a las y los queretanos para colaborar con la limpieza de la ciudad respetando los d\u00edas y horarios asignados para la recolecci\u00f3n en sus respectivas colonias.<\/p>\n","protected":false},"excerpt":{"rendered":"<p>&nbsp; El Municipio de Quer\u00e9taro present\u00f3 las actividades culturales y tur\u00edsticas que se realizar\u00e1n en la ciudad con motivo del D\u00eda de Muertos 2023, y entre los que destaca la exposici\u00f3n \u201cMictl\u00e1n, camino al inframundo. Festival de D\u00eda de Muertos 2023\u201d, que se realizar\u00e1 del 27 de octubre al 2 de noviembre en la Alameda Hidalgo. Con la representaci\u00f3n del<\/p>\n<div class=\"h10\"><\/div>\n<p><a class=\"more-link2 flat\" href=\"https:\/\/elconspirador.com.mx\/?p=35610\">Leer m\u00e1s<\/a><\/p>\n","protected":false},"author":1,"featured_media":35611,"comment_status":"open","ping_status":"open","sticky":false,"template":"","format":"standard","meta":{"om_disable_all_campaigns":false,"_uf_show_specific_survey":0,"_uf_disable_surveys":false},"categories":[1],"tags":[],"aioseo_notices":[],"_links":{"self":[{"href":"https:\/\/elconspirador.com.mx\/index.php?rest_route=\/wp\/v2\/posts\/35610"}],"collection":[{"href":"https:\/\/elconspirador.com.mx\/index.php?rest_route=\/wp\/v2\/posts"}],"about":[{"href":"https:\/\/elconspirador.com.mx\/index.php?rest_route=\/wp\/v2\/types\/post"}],"author":[{"embeddable":true,"href":"https:\/\/elconspirador.com.mx\/index.php?rest_route=\/wp\/v2\/users\/1"}],"replies":[{"embeddable":true,"href":"https:\/\/elconspirador.com.mx\/index.php?rest_route=%2Fwp%2Fv2%2Fcomments&post=35610"}],"version-history":[{"count":1,"href":"https:\/\/elconspirador.com.mx\/index.php?rest_route=\/wp\/v2\/posts\/35610\/revisions"}],"predecessor-version":[{"id":35612,"href":"https:\/\/elconspirador.com.mx\/index.php?rest_route=\/wp\/v2\/posts\/35610\/revisions\/35612"}],"wp:featuredmedia":[{"embeddable":true,"href":"https:\/\/elconspirador.com.mx\/index.php?rest_route=\/wp\/v2\/media\/35611"}],"wp:attachment":[{"href":"https:\/\/elconspirador.com.mx\/index.php?rest_route=%2Fwp%2Fv2%2Fmedia&parent=35610"}],"wp:term":[{"taxonomy":"category","embeddable":true,"href":"https:\/\/elconspirador.com.mx\/index.php?rest_route=%2Fwp%2Fv2%2Fcategories&post=35610"},{"taxonomy":"post_tag","embeddable":true,"href":"https:\/\/elconspirador.com.mx\/index.php?rest_route=%2Fwp%2Fv2%2Ftags&post=35610"}],"curies":[{"name":"wp","href":"https:\/\/api.w.org\/{rel}","templated":true}]}}