{"id":35631,"date":"2023-10-18T06:52:14","date_gmt":"2023-10-18T12:52:14","guid":{"rendered":"https:\/\/elconspirador.com.mx\/?p=35631"},"modified":"2023-10-18T06:52:14","modified_gmt":"2023-10-18T12:52:14","slug":"tractocamion-mata-a-2-policias","status":"publish","type":"post","link":"https:\/\/elconspirador.com.mx\/?p=35631","title":{"rendered":"TRACTOCAMI\u00d3N MATA A 2 POLIC\u00cdAS"},"content":{"rendered":"<p>Durante las primeras horas de este mi\u00e9rcoles, en San Juan del R\u00edo, en la carretera 57, elementos de la POES efectuaban la inspecci\u00f3n de un veh\u00edculo, cuando de manera imprudente, un tractocamion que circulaba por el sitio y el cual no ten\u00eda relaci\u00f3n con la intervenci\u00f3n, embisti\u00f3 a nuestros compa\u00f1eros y las diversas unidades que se encontraban en el lugar, el cual contaba con el abanderamiento necesario.<\/p>\n<p>Los dos compa\u00f1eros que se encontraban realizando la verificaci\u00f3n fallecieron y una polic\u00eda m\u00e1s result\u00f3 lesionada, por lo que fue trasladada de manera inmediata para recibir la atenci\u00f3n m\u00e9dica necesaria.<\/p>\n<p>Est\u00e1 detenido el conductor del cami\u00f3n que caus\u00f3 el hecho y quien no tiene relaci\u00f3n con el auto que era inspeccionado previamente; se procedi\u00f3 con su puesta a disposici\u00f3n de la autoridad encargada de determinar su situaci\u00f3n jur\u00eddica.<\/p>\n<p>Se mantendr\u00e1 informada a la ciudadan\u00eda respecto a este incidente que deriv\u00f3 en la p\u00e9rdida de polic\u00edas que dieron su vida en cumplimiento de su deber. La Secretar\u00eda de Seguridad Ciudadana y POES Quer\u00e9taro mantendremos todas las acciones necesarias y el apoyo a los familiares de los elementos involucrados.<\/p>\n","protected":false},"excerpt":{"rendered":"<p>Durante las primeras horas de este mi\u00e9rcoles, en San Juan del R\u00edo, en la carretera 57, elementos de la POES efectuaban la inspecci\u00f3n de un veh\u00edculo, cuando de manera imprudente, un tractocamion que circulaba por el sitio y el cual no ten\u00eda relaci\u00f3n con la intervenci\u00f3n, embisti\u00f3 a nuestros compa\u00f1eros y las diversas unidades que se encontraban en el lugar,<\/p>\n<div class=\"h10\"><\/div>\n<p><a class=\"more-link2 flat\" href=\"https:\/\/elconspirador.com.mx\/?p=35631\">Leer m\u00e1s<\/a><\/p>\n","protected":false},"author":1,"featured_media":35632,"comment_status":"open","ping_status":"open","sticky":false,"template":"","format":"standard","meta":{"om_disable_all_campaigns":false,"_uf_show_specific_survey":0,"_uf_disable_surveys":false},"categories":[1],"tags":[],"aioseo_notices":[],"_links":{"self":[{"href":"https:\/\/elconspirador.com.mx\/index.php?rest_route=\/wp\/v2\/posts\/35631"}],"collection":[{"href":"https:\/\/elconspirador.com.mx\/index.php?rest_route=\/wp\/v2\/posts"}],"about":[{"href":"https:\/\/elconspirador.com.mx\/index.php?rest_route=\/wp\/v2\/types\/post"}],"author":[{"embeddable":true,"href":"https:\/\/elconspirador.com.mx\/index.php?rest_route=\/wp\/v2\/users\/1"}],"replies":[{"embeddable":true,"href":"https:\/\/elconspirador.com.mx\/index.php?rest_route=%2Fwp%2Fv2%2Fcomments&post=35631"}],"version-history":[{"count":1,"href":"https:\/\/elconspirador.com.mx\/index.php?rest_route=\/wp\/v2\/posts\/35631\/revisions"}],"predecessor-version":[{"id":35633,"href":"https:\/\/elconspirador.com.mx\/index.php?rest_route=\/wp\/v2\/posts\/35631\/revisions\/35633"}],"wp:featuredmedia":[{"embeddable":true,"href":"https:\/\/elconspirador.com.mx\/index.php?rest_route=\/wp\/v2\/media\/35632"}],"wp:attachment":[{"href":"https:\/\/elconspirador.com.mx\/index.php?rest_route=%2Fwp%2Fv2%2Fmedia&parent=35631"}],"wp:term":[{"taxonomy":"category","embeddable":true,"href":"https:\/\/elconspirador.com.mx\/index.php?rest_route=%2Fwp%2Fv2%2Fcategories&post=35631"},{"taxonomy":"post_tag","embeddable":true,"href":"https:\/\/elconspirador.com.mx\/index.php?rest_route=%2Fwp%2Fv2%2Ftags&post=35631"}],"curies":[{"name":"wp","href":"https:\/\/api.w.org\/{rel}","templated":true}]}}