{"id":35640,"date":"2023-10-18T08:01:05","date_gmt":"2023-10-18T14:01:05","guid":{"rendered":"https:\/\/elconspirador.com.mx\/?p=35640"},"modified":"2023-10-18T08:01:05","modified_gmt":"2023-10-18T14:01:05","slug":"no-acaban-aun-5-de-febrero-pero-diputados-aumentaran-predial","status":"publish","type":"post","link":"https:\/\/elconspirador.com.mx\/?p=35640","title":{"rendered":"NO ACABAN A\u00daN 5 DE FEBRERO\u2026 PERO DIPUTADOS AUMENTAR\u00c1N PREDIAL"},"content":{"rendered":"<p>*Incrementar\u00e1 predial de predios cercanos a Paseo 5 de febrero*<\/p>\n<p>En 2024, el predial de predios aleda\u00f1os a Paseo 5 de febrero sufrir\u00e1 incrementos debido a la plusval\u00eda que dar\u00e1 la vialidad de Paseo 5 de febrero, confirm\u00f3 Gerardo \u00c1ngeles Herrera, diputado de Acci\u00f3n Nacional (PAN) y presidente del Poder Legislativo.<\/p>\n<p>El legislador dio a conocer que este martes tuvo una reuni\u00f3n con el titular de finanzas del estado, Gustavo Leal, con quien comenz\u00f3 a trabajar en la Ley de ingresos, el presupuesto de egresos y la miscel\u00e1nea fiscal para el pr\u00f3ximo a\u00f1o.<\/p>\n<p>Aunque no dio valor de aumento de los valores, dijo que se trata de colonias como Ni\u00f1os H\u00e9rores y La Sierrita, las cuales sufrir\u00e1n un ajuste en las tablas de valores, lo que, por consiguiente, supone un aumento en el impuesto predial.<\/p>\n<p>\u201cPor supuesto, el impacto mayor va a ser sobre la avenida, estoy seguro que va a tener una plusval\u00eda porque estar\u00e1s en la avenida m\u00e1s importante del estado, seguramente va a tenerla, por supuesto que eso impacta tambi\u00e9n a las zonas que est\u00e1n cercanas, por la movilidad, la infraestructura, lo que va a haber alrededor va a ser mucho mejor\u201d, mencion\u00f3.<\/p>\n<p>El diputado extern\u00f3 que el incremento de valores depender\u00e1 de las evaluaciones que realicen tanto el Consejo de Valuadores como la Direcci\u00f3n de Catastro de Quer\u00e9taro, con quienes comenzar\u00e1n a trabajar en pr\u00f3ximas semanas.<\/p>\n","protected":false},"excerpt":{"rendered":"<p>*Incrementar\u00e1 predial de predios cercanos a Paseo 5 de febrero* En 2024, el predial de predios aleda\u00f1os a Paseo 5 de febrero sufrir\u00e1 incrementos debido a la plusval\u00eda que dar\u00e1 la vialidad de Paseo 5 de febrero, confirm\u00f3 Gerardo \u00c1ngeles Herrera, diputado de Acci\u00f3n Nacional (PAN) y presidente del Poder Legislativo. El legislador dio a conocer que este martes tuvo<\/p>\n<div class=\"h10\"><\/div>\n<p><a class=\"more-link2 flat\" href=\"https:\/\/elconspirador.com.mx\/?p=35640\">Leer m\u00e1s<\/a><\/p>\n","protected":false},"author":1,"featured_media":35641,"comment_status":"open","ping_status":"open","sticky":false,"template":"","format":"standard","meta":{"om_disable_all_campaigns":false,"_uf_show_specific_survey":0,"_uf_disable_surveys":false},"categories":[1],"tags":[],"aioseo_notices":[],"_links":{"self":[{"href":"https:\/\/elconspirador.com.mx\/index.php?rest_route=\/wp\/v2\/posts\/35640"}],"collection":[{"href":"https:\/\/elconspirador.com.mx\/index.php?rest_route=\/wp\/v2\/posts"}],"about":[{"href":"https:\/\/elconspirador.com.mx\/index.php?rest_route=\/wp\/v2\/types\/post"}],"author":[{"embeddable":true,"href":"https:\/\/elconspirador.com.mx\/index.php?rest_route=\/wp\/v2\/users\/1"}],"replies":[{"embeddable":true,"href":"https:\/\/elconspirador.com.mx\/index.php?rest_route=%2Fwp%2Fv2%2Fcomments&post=35640"}],"version-history":[{"count":1,"href":"https:\/\/elconspirador.com.mx\/index.php?rest_route=\/wp\/v2\/posts\/35640\/revisions"}],"predecessor-version":[{"id":35642,"href":"https:\/\/elconspirador.com.mx\/index.php?rest_route=\/wp\/v2\/posts\/35640\/revisions\/35642"}],"wp:featuredmedia":[{"embeddable":true,"href":"https:\/\/elconspirador.com.mx\/index.php?rest_route=\/wp\/v2\/media\/35641"}],"wp:attachment":[{"href":"https:\/\/elconspirador.com.mx\/index.php?rest_route=%2Fwp%2Fv2%2Fmedia&parent=35640"}],"wp:term":[{"taxonomy":"category","embeddable":true,"href":"https:\/\/elconspirador.com.mx\/index.php?rest_route=%2Fwp%2Fv2%2Fcategories&post=35640"},{"taxonomy":"post_tag","embeddable":true,"href":"https:\/\/elconspirador.com.mx\/index.php?rest_route=%2Fwp%2Fv2%2Ftags&post=35640"}],"curies":[{"name":"wp","href":"https:\/\/api.w.org\/{rel}","templated":true}]}}