{"id":35652,"date":"2023-10-18T16:04:58","date_gmt":"2023-10-18T22:04:58","guid":{"rendered":"https:\/\/elconspirador.com.mx\/?p=35652"},"modified":"2023-10-18T16:04:58","modified_gmt":"2023-10-18T22:04:58","slug":"detenido-el-trailero-que-mato-dos-policias","status":"publish","type":"post","link":"https:\/\/elconspirador.com.mx\/?p=35652","title":{"rendered":"DETENIDO EL TRAILERO QUE MAT\u00d3 DOS POLIC\u00cdAS"},"content":{"rendered":"<p>El Fiscal General del estado, Alejandro Echeverr\u00eda Cornejo, confirm\u00f3 que el conductor del tr\u00e1iler causante de la muerte de dos polic\u00edas en San Juan del R\u00edo ya se encuentra detenido.<\/p>\n<p>Se trata de los hechos ocurridos este mi\u00e9rcoles por la ma\u00f1ana, donde dos polic\u00edas perdieron la vida, luego de ser embestidos por un tr\u00e1iler, cuando los uniformados inspeccionaban una pipa, presuntamente de combustible robado.<\/p>\n<p>&#8220;Est\u00e1 asegurado y detenido, puesto a disposici\u00f3n el chofer del veh\u00edculo tr\u00e1iler que ocasion\u00f3 este accidente y hay una cuarta persona que es una mujer polic\u00eda que est\u00e1 lesionada y est\u00e1 siendo atendida en el Hospital de San Juan del R\u00edo&#8221;.<\/p>\n<p>Sin embargo, consider\u00f3 necesario esperar a concluir con las investigaciones del caso ocurrido las primeras horas de este mi\u00e9rcoles.<\/p>\n<p>Asimismo, aclar\u00f3 que todav\u00eda no se ha concluido con el procesamiento de la informaci\u00f3n en el lugar de los hechos, por lo cual no se puede determinar el dolo del conductor.<\/p>\n<p>Adicionalmente, coment\u00f3 que todo parece indicar que la pipa inspeccionada por los uniformados s\u00ed transportaba combustible robado.<\/p>\n","protected":false},"excerpt":{"rendered":"<p>El Fiscal General del estado, Alejandro Echeverr\u00eda Cornejo, confirm\u00f3 que el conductor del tr\u00e1iler causante de la muerte de dos polic\u00edas en San Juan del R\u00edo ya se encuentra detenido. Se trata de los hechos ocurridos este mi\u00e9rcoles por la ma\u00f1ana, donde dos polic\u00edas perdieron la vida, luego de ser embestidos por un tr\u00e1iler, cuando los uniformados inspeccionaban una pipa,<\/p>\n<div class=\"h10\"><\/div>\n<p><a class=\"more-link2 flat\" href=\"https:\/\/elconspirador.com.mx\/?p=35652\">Leer m\u00e1s<\/a><\/p>\n","protected":false},"author":1,"featured_media":35653,"comment_status":"open","ping_status":"open","sticky":false,"template":"","format":"standard","meta":{"om_disable_all_campaigns":false,"_uf_show_specific_survey":0,"_uf_disable_surveys":false},"categories":[1],"tags":[],"aioseo_notices":[],"_links":{"self":[{"href":"https:\/\/elconspirador.com.mx\/index.php?rest_route=\/wp\/v2\/posts\/35652"}],"collection":[{"href":"https:\/\/elconspirador.com.mx\/index.php?rest_route=\/wp\/v2\/posts"}],"about":[{"href":"https:\/\/elconspirador.com.mx\/index.php?rest_route=\/wp\/v2\/types\/post"}],"author":[{"embeddable":true,"href":"https:\/\/elconspirador.com.mx\/index.php?rest_route=\/wp\/v2\/users\/1"}],"replies":[{"embeddable":true,"href":"https:\/\/elconspirador.com.mx\/index.php?rest_route=%2Fwp%2Fv2%2Fcomments&post=35652"}],"version-history":[{"count":1,"href":"https:\/\/elconspirador.com.mx\/index.php?rest_route=\/wp\/v2\/posts\/35652\/revisions"}],"predecessor-version":[{"id":35654,"href":"https:\/\/elconspirador.com.mx\/index.php?rest_route=\/wp\/v2\/posts\/35652\/revisions\/35654"}],"wp:featuredmedia":[{"embeddable":true,"href":"https:\/\/elconspirador.com.mx\/index.php?rest_route=\/wp\/v2\/media\/35653"}],"wp:attachment":[{"href":"https:\/\/elconspirador.com.mx\/index.php?rest_route=%2Fwp%2Fv2%2Fmedia&parent=35652"}],"wp:term":[{"taxonomy":"category","embeddable":true,"href":"https:\/\/elconspirador.com.mx\/index.php?rest_route=%2Fwp%2Fv2%2Fcategories&post=35652"},{"taxonomy":"post_tag","embeddable":true,"href":"https:\/\/elconspirador.com.mx\/index.php?rest_route=%2Fwp%2Fv2%2Ftags&post=35652"}],"curies":[{"name":"wp","href":"https:\/\/api.w.org\/{rel}","templated":true}]}}