{"id":35666,"date":"2023-10-18T14:07:11","date_gmt":"2023-10-18T20:07:11","guid":{"rendered":"https:\/\/elconspirador.com.mx\/?p=35666"},"modified":"2023-10-18T14:07:11","modified_gmt":"2023-10-18T20:07:11","slug":"entrega-la-capital-carritos-de-barrido","status":"publish","type":"post","link":"https:\/\/elconspirador.com.mx\/?p=35666","title":{"rendered":"ENTREGA LA CAPITAL CARRITOS DE BARRIDO"},"content":{"rendered":"<p>&nbsp;<\/p>\n<p>Para seguir haciendo la diferencia en la limpieza de plazas, jardines y espacios p\u00fablicos del Centro Hist\u00f3rico de la ciudad, el Presidente Municipal de Quer\u00e9taro, Luis Nava, encabez\u00f3 la entrega de 100 carritos de barrido manual al personal del Departamento de Aseo y Alumbrado P\u00fablico de la Secretar\u00eda de Servicios P\u00fablicos Municipales.<\/p>\n<p>&#8220;Quiero agradecerles mucho que ustedes mantienen este Centro que es Patrimonio de la Humanidad. La relevancia de que sea Quer\u00e9taro Patrimonio de la Humanidad, es que ni siquiera nos pertenece a los queretanos, a nosotros nos corresponde la obligaci\u00f3n y la responsabilidad de mantenerlo y conservarlo para toda la humanidad, y esto nos llena por un lado orgullo, pero tambi\u00e9n de un gran compromiso y una gran responsabilidad&#8221;, se\u00f1al\u00f3 el Alcalde frente a las trabajadoras del Departamento de Aseo y Alumbrado P\u00fablico.<\/p>\n<p>Alejandra Haro de la Torre, Secretaria de Servicios P\u00fablicos Municipales, explic\u00f3 que los carritos est\u00e1n integrados por dos contendedores de polietileno de alta densidad con capacidad de 120 litros cada uno, personalizados con etiqueta reflejante, y soportados en una estructura met\u00e1lica con ruedas, todo con el objetivo de darle al \u201cEj\u00e9rcito\u201d de Servicios P\u00fablicos las herramientas efectivas para que d\u00eda con d\u00eda procuren seguir colocando a Quer\u00e9taro como una de las ciudades m\u00e1s limpias.<\/p>\n<p>Tambi\u00e9n inform\u00f3 que la plantilla de barrido manual est\u00e1 conformada por 127 personas que trabajan en dos turnos: el primero de 6 a 14 horas y el segundo de 13 a 21 horas.<\/p>\n<p>La entrega de los carritos de barrido se llev\u00f3 a cabo en el Jard\u00edn Guerrero y posteriormente, el Alcalde y el personal de Servicios P\u00fablicos Municipales se introdujo a la Delegaci\u00f3n Centro Hist\u00f3rico para una convivencia en la que tambi\u00e9n estuvieron presentes: la Secretaria de Administraci\u00f3n, Ana Mar\u00eda Osornio Arellano; el Secretario General del Sindicato de Trabajadores al Servicio del Municipio de Quer\u00e9taro, Celestino Berm\u00fadez Jim\u00e9nez; el Director del Departamento de Aseo y Alumbrado P\u00fablico, Gustavo Pozo Mart\u00ednez y el Delegado Municipal del Centro Hist\u00f3rico, Octavio Mata Rivera.<\/p>\n","protected":false},"excerpt":{"rendered":"<p>&nbsp; Para seguir haciendo la diferencia en la limpieza de plazas, jardines y espacios p\u00fablicos del Centro Hist\u00f3rico de la ciudad, el Presidente Municipal de Quer\u00e9taro, Luis Nava, encabez\u00f3 la entrega de 100 carritos de barrido manual al personal del Departamento de Aseo y Alumbrado P\u00fablico de la Secretar\u00eda de Servicios P\u00fablicos Municipales. &#8220;Quiero agradecerles mucho que ustedes mantienen este<\/p>\n<div class=\"h10\"><\/div>\n<p><a class=\"more-link2 flat\" href=\"https:\/\/elconspirador.com.mx\/?p=35666\">Leer m\u00e1s<\/a><\/p>\n","protected":false},"author":1,"featured_media":35667,"comment_status":"open","ping_status":"open","sticky":false,"template":"","format":"standard","meta":{"om_disable_all_campaigns":false,"_uf_show_specific_survey":0,"_uf_disable_surveys":false},"categories":[1],"tags":[],"aioseo_notices":[],"_links":{"self":[{"href":"https:\/\/elconspirador.com.mx\/index.php?rest_route=\/wp\/v2\/posts\/35666"}],"collection":[{"href":"https:\/\/elconspirador.com.mx\/index.php?rest_route=\/wp\/v2\/posts"}],"about":[{"href":"https:\/\/elconspirador.com.mx\/index.php?rest_route=\/wp\/v2\/types\/post"}],"author":[{"embeddable":true,"href":"https:\/\/elconspirador.com.mx\/index.php?rest_route=\/wp\/v2\/users\/1"}],"replies":[{"embeddable":true,"href":"https:\/\/elconspirador.com.mx\/index.php?rest_route=%2Fwp%2Fv2%2Fcomments&post=35666"}],"version-history":[{"count":1,"href":"https:\/\/elconspirador.com.mx\/index.php?rest_route=\/wp\/v2\/posts\/35666\/revisions"}],"predecessor-version":[{"id":35668,"href":"https:\/\/elconspirador.com.mx\/index.php?rest_route=\/wp\/v2\/posts\/35666\/revisions\/35668"}],"wp:featuredmedia":[{"embeddable":true,"href":"https:\/\/elconspirador.com.mx\/index.php?rest_route=\/wp\/v2\/media\/35667"}],"wp:attachment":[{"href":"https:\/\/elconspirador.com.mx\/index.php?rest_route=%2Fwp%2Fv2%2Fmedia&parent=35666"}],"wp:term":[{"taxonomy":"category","embeddable":true,"href":"https:\/\/elconspirador.com.mx\/index.php?rest_route=%2Fwp%2Fv2%2Fcategories&post=35666"},{"taxonomy":"post_tag","embeddable":true,"href":"https:\/\/elconspirador.com.mx\/index.php?rest_route=%2Fwp%2Fv2%2Ftags&post=35666"}],"curies":[{"name":"wp","href":"https:\/\/api.w.org\/{rel}","templated":true}]}}