{"id":35669,"date":"2023-10-18T17:03:30","date_gmt":"2023-10-18T23:03:30","guid":{"rendered":"https:\/\/elconspirador.com.mx\/?p=35669"},"modified":"2023-10-18T17:03:30","modified_gmt":"2023-10-18T23:03:30","slug":"en-enero-inician-precampanas-del-pan","status":"publish","type":"post","link":"https:\/\/elconspirador.com.mx\/?p=35669","title":{"rendered":"EN ENERO INICIAN PRECAMPA\u00d1AS DEL PAN"},"content":{"rendered":"<p>Del 19 de enero al 17 de febrero se llevar\u00e1n a cabo las precampa\u00f1as electorales en 2024, para posteriormente dar pie a los registros de candidaturas en la entidad, dio a conocer Claudio Sinecio Flores, secretario general del Partido Acci\u00f3n Nacional (PAN) Quer\u00e9taro.<\/p>\n<p>Record\u00f3 que este viernes dar\u00e1 arranque el proceso electoral local y este mismo mes comenzar\u00e1n a realizar encuestas de posicionamiento para considerarlas en la toma de decisiones a partir de enero del pr\u00f3ximo a\u00f1o.<\/p>\n<p>\u201cEl proceso electoral local comienza este viernes y est\u00e1 marcado por diferentes etapas el calendario electoral. Nosotros en el partido estamos llevando a cabo las mesas pol\u00edticas de di\u00e1logo entre los distintos actores, la intenci\u00f3n es salir con candidatos de unidad a cada una de nuestras posiciones\u201d, coment\u00f3.<\/p>\n<p>Refiri\u00f3 que en noviembre sesionar\u00e1 la comisi\u00f3n permanente del partido para elegir el m\u00e9todo de selecci\u00f3n de candidatos e inscribir dicho proceso ante el Instituto Electoral del estado de Quer\u00e9taro (IEEQ).<\/p>\n<p>Puntualiz\u00f3 que, con base en el calendario electoral, la definici\u00f3n de la alianza ser\u00e1 en diciembre de este a\u00f1o, pues deber\u00e1n notificar al IEEQ los convenios de coalici\u00f3n de los partidos.<\/p>\n<p>Asimismo, sobre los lineamientos de paridad, indic\u00f3 que la decisi\u00f3n sobre las impugnaciones presentadas ser\u00e1n decisi\u00f3n del tribunal, aunque se\u00f1al\u00f3 que no se visualizan vicio de inconstitucional o que afecten la paridad de g\u00e9nero.<\/p>\n","protected":false},"excerpt":{"rendered":"<p>Del 19 de enero al 17 de febrero se llevar\u00e1n a cabo las precampa\u00f1as electorales en 2024, para posteriormente dar pie a los registros de candidaturas en la entidad, dio a conocer Claudio Sinecio Flores, secretario general del Partido Acci\u00f3n Nacional (PAN) Quer\u00e9taro. Record\u00f3 que este viernes dar\u00e1 arranque el proceso electoral local y este mismo mes comenzar\u00e1n a realizar<\/p>\n<div class=\"h10\"><\/div>\n<p><a class=\"more-link2 flat\" href=\"https:\/\/elconspirador.com.mx\/?p=35669\">Leer m\u00e1s<\/a><\/p>\n","protected":false},"author":1,"featured_media":35670,"comment_status":"open","ping_status":"open","sticky":false,"template":"","format":"standard","meta":{"om_disable_all_campaigns":false,"_uf_show_specific_survey":0,"_uf_disable_surveys":false},"categories":[1],"tags":[],"aioseo_notices":[],"_links":{"self":[{"href":"https:\/\/elconspirador.com.mx\/index.php?rest_route=\/wp\/v2\/posts\/35669"}],"collection":[{"href":"https:\/\/elconspirador.com.mx\/index.php?rest_route=\/wp\/v2\/posts"}],"about":[{"href":"https:\/\/elconspirador.com.mx\/index.php?rest_route=\/wp\/v2\/types\/post"}],"author":[{"embeddable":true,"href":"https:\/\/elconspirador.com.mx\/index.php?rest_route=\/wp\/v2\/users\/1"}],"replies":[{"embeddable":true,"href":"https:\/\/elconspirador.com.mx\/index.php?rest_route=%2Fwp%2Fv2%2Fcomments&post=35669"}],"version-history":[{"count":2,"href":"https:\/\/elconspirador.com.mx\/index.php?rest_route=\/wp\/v2\/posts\/35669\/revisions"}],"predecessor-version":[{"id":35677,"href":"https:\/\/elconspirador.com.mx\/index.php?rest_route=\/wp\/v2\/posts\/35669\/revisions\/35677"}],"wp:featuredmedia":[{"embeddable":true,"href":"https:\/\/elconspirador.com.mx\/index.php?rest_route=\/wp\/v2\/media\/35670"}],"wp:attachment":[{"href":"https:\/\/elconspirador.com.mx\/index.php?rest_route=%2Fwp%2Fv2%2Fmedia&parent=35669"}],"wp:term":[{"taxonomy":"category","embeddable":true,"href":"https:\/\/elconspirador.com.mx\/index.php?rest_route=%2Fwp%2Fv2%2Fcategories&post=35669"},{"taxonomy":"post_tag","embeddable":true,"href":"https:\/\/elconspirador.com.mx\/index.php?rest_route=%2Fwp%2Fv2%2Ftags&post=35669"}],"curies":[{"name":"wp","href":"https:\/\/api.w.org\/{rel}","templated":true}]}}