{"id":35673,"date":"2023-10-18T18:02:07","date_gmt":"2023-10-19T00:02:07","guid":{"rendered":"https:\/\/elconspirador.com.mx\/?p=35673"},"modified":"2023-10-18T18:02:07","modified_gmt":"2023-10-19T00:02:07","slug":"participara-luis-nava-en-reunion-de-ciudades-inteligentes","status":"publish","type":"post","link":"https:\/\/elconspirador.com.mx\/?p=35673","title":{"rendered":"PARTICIPAR\u00c1 LUIS NAVA EN REUNI\u00d3N DE CIUDADES INTELIGENTES"},"content":{"rendered":"<p>El Presidente Municipal, Luis Nava, participar\u00e1 este 19 y 20 de octubre en el 3er. Congreso Nacional de la Red Espa\u00f1ola de Ciudades Inteligentes (RECI) a celebrarse en el \u00e1rea metropolitana de Madrid, para exponer las pol\u00edticas p\u00fablicas que se impulsan en Quer\u00e9taro, como ser\u00e1 el Centro de Innovaci\u00f3n y Tecnolog\u00eda Creativa BLOQUE, que brindar\u00e1 capacitaci\u00f3n y nuevas oportunidades de desarrollo para las y los j\u00f3venes ante un nuevo tipo de empresa que crece de manera exponencial.<\/p>\n<p>A invitaci\u00f3n de la RECI, Luis Nava tambi\u00e9n comentar\u00e1 de la tecnolog\u00eda utilizada en el Centro de Comando, Control, Comunicaci\u00f3n y C\u00f3mputo (C4) de la Secretar\u00eda de Seguridad P\u00fablica Municipal.<\/p>\n<p>La Red Espa\u00f1ola de Ciudades Inteligentes est\u00e1 integrada por 41 ciudades, entre ellas las ubicadas en la zona econ\u00f3mica m\u00e1s importante de Espa\u00f1a como son: Madrid, Barcelona, Sevilla, Valencia, Valladolid, Coru\u00f1a, Alicante, Oviedo, Pamplona, Salamanca y Santander.<\/p>\n<p>Para RECI, son Ciudades Inteligentes aquellas que disponen de un sistema de innovaci\u00f3n y de trabajo en red para dotar a las ciudades de un modelo de mejora de la eficiencia econ\u00f3mica permitiendo el desarrollo social, cultural y urbano.<\/p>\n<p>Como soporte de este crecimiento, las Ciudades Inteligentes apuestan por las industrias creativas y por la alta tecnolog\u00eda que permita ese crecimiento urbano basado en el impulso de las capacidades y de las redes articuladas, todo ello a trav\u00e9s de planes estrat\u00e9gicos participativos que permitan mejorar el sistema de innovaci\u00f3n local.<\/p>\n","protected":false},"excerpt":{"rendered":"<p>El Presidente Municipal, Luis Nava, participar\u00e1 este 19 y 20 de octubre en el 3er. Congreso Nacional de la Red Espa\u00f1ola de Ciudades Inteligentes (RECI) a celebrarse en el \u00e1rea metropolitana de Madrid, para exponer las pol\u00edticas p\u00fablicas que se impulsan en Quer\u00e9taro, como ser\u00e1 el Centro de Innovaci\u00f3n y Tecnolog\u00eda Creativa BLOQUE, que brindar\u00e1 capacitaci\u00f3n y nuevas oportunidades de<\/p>\n<div class=\"h10\"><\/div>\n<p><a class=\"more-link2 flat\" href=\"https:\/\/elconspirador.com.mx\/?p=35673\">Leer m\u00e1s<\/a><\/p>\n","protected":false},"author":1,"featured_media":35674,"comment_status":"open","ping_status":"open","sticky":false,"template":"","format":"standard","meta":{"om_disable_all_campaigns":false,"_uf_show_specific_survey":0,"_uf_disable_surveys":false},"categories":[1],"tags":[],"aioseo_notices":[],"_links":{"self":[{"href":"https:\/\/elconspirador.com.mx\/index.php?rest_route=\/wp\/v2\/posts\/35673"}],"collection":[{"href":"https:\/\/elconspirador.com.mx\/index.php?rest_route=\/wp\/v2\/posts"}],"about":[{"href":"https:\/\/elconspirador.com.mx\/index.php?rest_route=\/wp\/v2\/types\/post"}],"author":[{"embeddable":true,"href":"https:\/\/elconspirador.com.mx\/index.php?rest_route=\/wp\/v2\/users\/1"}],"replies":[{"embeddable":true,"href":"https:\/\/elconspirador.com.mx\/index.php?rest_route=%2Fwp%2Fv2%2Fcomments&post=35673"}],"version-history":[{"count":1,"href":"https:\/\/elconspirador.com.mx\/index.php?rest_route=\/wp\/v2\/posts\/35673\/revisions"}],"predecessor-version":[{"id":35675,"href":"https:\/\/elconspirador.com.mx\/index.php?rest_route=\/wp\/v2\/posts\/35673\/revisions\/35675"}],"wp:featuredmedia":[{"embeddable":true,"href":"https:\/\/elconspirador.com.mx\/index.php?rest_route=\/wp\/v2\/media\/35674"}],"wp:attachment":[{"href":"https:\/\/elconspirador.com.mx\/index.php?rest_route=%2Fwp%2Fv2%2Fmedia&parent=35673"}],"wp:term":[{"taxonomy":"category","embeddable":true,"href":"https:\/\/elconspirador.com.mx\/index.php?rest_route=%2Fwp%2Fv2%2Fcategories&post=35673"},{"taxonomy":"post_tag","embeddable":true,"href":"https:\/\/elconspirador.com.mx\/index.php?rest_route=%2Fwp%2Fv2%2Ftags&post=35673"}],"curies":[{"name":"wp","href":"https:\/\/api.w.org\/{rel}","templated":true}]}}