{"id":35685,"date":"2023-10-18T19:04:57","date_gmt":"2023-10-19T01:04:57","guid":{"rendered":"https:\/\/elconspirador.com.mx\/?p=35685"},"modified":"2023-10-18T19:04:57","modified_gmt":"2023-10-19T01:04:57","slug":"trasladan-a-policia-atropellada-a-hospital-general","status":"publish","type":"post","link":"https:\/\/elconspirador.com.mx\/?p=35685","title":{"rendered":"TRASLADAN A POLIC\u00cdA ATROPELLADA A HOSPITAL GENERAL"},"content":{"rendered":"<p>Se realiz\u00f3 el traslado de la mujer polic\u00eda, que result\u00f3 gravemente lesionada en un accidente ocurrido est\u00e1 madrugada, en la carretera M\u00e9xico Quer\u00e9taro, a la altura del Kil\u00f3metro 163 en la comunidad de Casa Blanca, municipio de San Juan del R\u00edo.<\/p>\n<p>La mujer que pertenece a la polic\u00eda estatal, estaba junto con sus compa\u00f1eros realizando una revisi\u00f3n a una pipa a orillas de la carretera Mex-Qro, cuando fueron embestidos por un tr\u00e1iler que dej\u00f3 a los oficiales y al conductor de la pipa prensados.<\/p>\n<p>C\u00f3mo resultado del lamentable accidente, el conductor de la pipa y dos polic\u00edas estatales murieron en el lugar del accidente, mientras que la mujer fue rescatada y trasladada al Hospital General de San Juan del R\u00edo, d\u00f3nde se conoci\u00f3 que sufri\u00f3 la amputaci\u00f3n de sus extremidades.<\/p>\n<p>Est\u00e1 tarde luego de recibir atenci\u00f3n m\u00e9dica y ser estabilizada, param\u00e9dicos del Centro Regulador de Urgencias M\u00e9dicas y Servicios A\u00e9reos del Estado, llevaron a cabo el traslado de la oficina al Hospital del IMSS de la Pradera v\u00eda helic\u00f3ptero, d\u00f3nde continuar\u00e1n con su atenci\u00f3n m\u00e9dica.<\/p>\n","protected":false},"excerpt":{"rendered":"<p>Se realiz\u00f3 el traslado de la mujer polic\u00eda, que result\u00f3 gravemente lesionada en un accidente ocurrido est\u00e1 madrugada, en la carretera M\u00e9xico Quer\u00e9taro, a la altura del Kil\u00f3metro 163 en la comunidad de Casa Blanca, municipio de San Juan del R\u00edo. La mujer que pertenece a la polic\u00eda estatal, estaba junto con sus compa\u00f1eros realizando una revisi\u00f3n a una pipa<\/p>\n<div class=\"h10\"><\/div>\n<p><a class=\"more-link2 flat\" href=\"https:\/\/elconspirador.com.mx\/?p=35685\">Leer m\u00e1s<\/a><\/p>\n","protected":false},"author":1,"featured_media":35686,"comment_status":"open","ping_status":"open","sticky":false,"template":"","format":"standard","meta":{"om_disable_all_campaigns":false,"_uf_show_specific_survey":0,"_uf_disable_surveys":false},"categories":[1],"tags":[],"aioseo_notices":[],"_links":{"self":[{"href":"https:\/\/elconspirador.com.mx\/index.php?rest_route=\/wp\/v2\/posts\/35685"}],"collection":[{"href":"https:\/\/elconspirador.com.mx\/index.php?rest_route=\/wp\/v2\/posts"}],"about":[{"href":"https:\/\/elconspirador.com.mx\/index.php?rest_route=\/wp\/v2\/types\/post"}],"author":[{"embeddable":true,"href":"https:\/\/elconspirador.com.mx\/index.php?rest_route=\/wp\/v2\/users\/1"}],"replies":[{"embeddable":true,"href":"https:\/\/elconspirador.com.mx\/index.php?rest_route=%2Fwp%2Fv2%2Fcomments&post=35685"}],"version-history":[{"count":1,"href":"https:\/\/elconspirador.com.mx\/index.php?rest_route=\/wp\/v2\/posts\/35685\/revisions"}],"predecessor-version":[{"id":35687,"href":"https:\/\/elconspirador.com.mx\/index.php?rest_route=\/wp\/v2\/posts\/35685\/revisions\/35687"}],"wp:featuredmedia":[{"embeddable":true,"href":"https:\/\/elconspirador.com.mx\/index.php?rest_route=\/wp\/v2\/media\/35686"}],"wp:attachment":[{"href":"https:\/\/elconspirador.com.mx\/index.php?rest_route=%2Fwp%2Fv2%2Fmedia&parent=35685"}],"wp:term":[{"taxonomy":"category","embeddable":true,"href":"https:\/\/elconspirador.com.mx\/index.php?rest_route=%2Fwp%2Fv2%2Fcategories&post=35685"},{"taxonomy":"post_tag","embeddable":true,"href":"https:\/\/elconspirador.com.mx\/index.php?rest_route=%2Fwp%2Fv2%2Ftags&post=35685"}],"curies":[{"name":"wp","href":"https:\/\/api.w.org\/{rel}","templated":true}]}}