{"id":35695,"date":"2023-10-19T06:23:49","date_gmt":"2023-10-19T12:23:49","guid":{"rendered":"https:\/\/elconspirador.com.mx\/?p=35695"},"modified":"2023-10-19T06:23:49","modified_gmt":"2023-10-19T12:23:49","slug":"despiden-a-policias-que-pierden-la-vida","status":"publish","type":"post","link":"https:\/\/elconspirador.com.mx\/?p=35695","title":{"rendered":"DESPIDEN A POLIC\u00cdAS QUE PIERDEN LA VIDA"},"content":{"rendered":"<p>Esta noche se llev\u00f3 a cabo la ceremonia luctuosa en honor a los polic\u00edas Alejandro Alonso Mor\u00e1n y Marco Antonio Rodr\u00edguez Anaya, quienes integraban las filas de POES Quer\u00e9taro y perdieron la vida este mi\u00e9rcoles, en cumplimiento de su deber.<\/p>\n<p>Ante la presencia de familiares, amigos y compa\u00f1eros polic\u00edas, se despidi\u00f3 a los dos elementos que cuidaron de la poblaci\u00f3n, trabajando para el servicio de los queretanos.<\/p>\n<p>El secretario de Seguridad Ciudadana, Iov\u00e1n El\u00edas P\u00e9rez Hern\u00e1ndez, acompa\u00f1ado de la secretaria de Gobierno, Guadalupe Murgu\u00eda, encabezaron el homenaje que cont\u00f3 tambi\u00e9n con la presencia del Comandante de la 17\u00b0 Zona Militar, Gral. de Brigada, Julio C\u00e9sar Moreno; el presidente de la LX Legislatura del Estado, diputado Luis Gerardo \u00c1ngeles; secretarios y directores de la Polic\u00eda Queretana as\u00ed como los titulares de la Polic\u00eda de Investigaci\u00f3n del Delito y del Sistema Penitenciario; la Directora del Centro de Prevenci\u00f3n Social de la Violencia del Delito y la Violencia del Estado de Quer\u00e9taro, Sonia Ang\u00e9lica Col\u00edn.<\/p>\n","protected":false},"excerpt":{"rendered":"<p>Esta noche se llev\u00f3 a cabo la ceremonia luctuosa en honor a los polic\u00edas Alejandro Alonso Mor\u00e1n y Marco Antonio Rodr\u00edguez Anaya, quienes integraban las filas de POES Quer\u00e9taro y perdieron la vida este mi\u00e9rcoles, en cumplimiento de su deber. Ante la presencia de familiares, amigos y compa\u00f1eros polic\u00edas, se despidi\u00f3 a los dos elementos que cuidaron de la poblaci\u00f3n,<\/p>\n<div class=\"h10\"><\/div>\n<p><a class=\"more-link2 flat\" href=\"https:\/\/elconspirador.com.mx\/?p=35695\">Leer m\u00e1s<\/a><\/p>\n","protected":false},"author":1,"featured_media":35696,"comment_status":"open","ping_status":"open","sticky":false,"template":"","format":"standard","meta":{"om_disable_all_campaigns":false,"_uf_show_specific_survey":0,"_uf_disable_surveys":false},"categories":[1],"tags":[],"aioseo_notices":[],"_links":{"self":[{"href":"https:\/\/elconspirador.com.mx\/index.php?rest_route=\/wp\/v2\/posts\/35695"}],"collection":[{"href":"https:\/\/elconspirador.com.mx\/index.php?rest_route=\/wp\/v2\/posts"}],"about":[{"href":"https:\/\/elconspirador.com.mx\/index.php?rest_route=\/wp\/v2\/types\/post"}],"author":[{"embeddable":true,"href":"https:\/\/elconspirador.com.mx\/index.php?rest_route=\/wp\/v2\/users\/1"}],"replies":[{"embeddable":true,"href":"https:\/\/elconspirador.com.mx\/index.php?rest_route=%2Fwp%2Fv2%2Fcomments&post=35695"}],"version-history":[{"count":1,"href":"https:\/\/elconspirador.com.mx\/index.php?rest_route=\/wp\/v2\/posts\/35695\/revisions"}],"predecessor-version":[{"id":35697,"href":"https:\/\/elconspirador.com.mx\/index.php?rest_route=\/wp\/v2\/posts\/35695\/revisions\/35697"}],"wp:featuredmedia":[{"embeddable":true,"href":"https:\/\/elconspirador.com.mx\/index.php?rest_route=\/wp\/v2\/media\/35696"}],"wp:attachment":[{"href":"https:\/\/elconspirador.com.mx\/index.php?rest_route=%2Fwp%2Fv2%2Fmedia&parent=35695"}],"wp:term":[{"taxonomy":"category","embeddable":true,"href":"https:\/\/elconspirador.com.mx\/index.php?rest_route=%2Fwp%2Fv2%2Fcategories&post=35695"},{"taxonomy":"post_tag","embeddable":true,"href":"https:\/\/elconspirador.com.mx\/index.php?rest_route=%2Fwp%2Fv2%2Ftags&post=35695"}],"curies":[{"name":"wp","href":"https:\/\/api.w.org\/{rel}","templated":true}]}}