{"id":35698,"date":"2023-10-19T07:11:10","date_gmt":"2023-10-19T13:11:10","guid":{"rendered":"https:\/\/elconspirador.com.mx\/?p=35698"},"modified":"2023-10-19T07:11:10","modified_gmt":"2023-10-19T13:11:10","slug":"martin-vivanco-no-es-mas-candidato-a-la-rectoria","status":"publish","type":"post","link":"https:\/\/elconspirador.com.mx\/?p=35698","title":{"rendered":"MART\u00cdN VIVANCO NO ES M\u00c1S CANDIDATO A LA RECTOR\u00cdA"},"content":{"rendered":"<p>Mart\u00edn Vivanco, director de la facultad de Contadur\u00eda y Administraci\u00f3n, renunci\u00f3 a su candidatura a contender por la rector\u00eda de la UAQ, pues afirma que se le acus\u00f3 infundadamente a trav\u00e9s de redes sociales, con la finalidad de limpiar su imagen y de la universidad.<\/p>\n<p>A dos d\u00edas de que concluyan las campa\u00f1as electorales en la m\u00e1xima casa de estudios del estado, el aspirante de la Facultad de Contadur\u00eda agradeci\u00f3 el apoyo de los directores de las facultades de Enfermer\u00eda, Derecho, Lenguas, Ciencias Naturales e Inform\u00e1tica.<\/p>\n<p>\u201cSe me acus\u00f3 infundadamente y lo peor que fue en redes sociales, no se fue a una instancia como debe de ser, fue un golpe bajo, una bajeza que le hicieron a un servidor, voy a presentar las pruebas necesarias para poder limpiar mi imagen, no nada m\u00e1s mi imagen, la imagen de la universidad y por congruencia j\u00f3venes y como ustedes me conocen siempre he sido yo muy \u00e9tico y muy profesional he decidido que un rector por ning\u00fan motivo puede tener una mancha y por tal motivo en este momento delante de mi comunidad que es la que me respalda y a la que yo me debo con todos ustedes voy a pedir separarme del cargo de candidato a rector\u201d.<\/p>\n<p>Con la voz entrecortada y visiblemente emocionado, Mart\u00edn Vivanco calific\u00f3 estos se\u00f1alamientos como una bajeza por lo que se defender\u00e1 ante las instancias correspondientes al interior de la universidad.<\/p>\n<p>\u201cSiempre he dicho y le digo como no voy a querer a mi universidad, yo no voy a universidad, yo les agradezco mucho a mis compa\u00f1eros de las facultades de Derecho, Ciencias Naturales, Enfermer\u00eda, Filosof\u00eda y Letras y a Enfermer\u00eda, \u00e9ramos 6 en este proyecto y es un proyecto consolidado, y un proyecto que no se desuni\u00f3 y ellos tambi\u00e9n as\u00ed como todos ustedes, me est\u00e1n pidiendo que no, pero yo soy profesional y yo creo que lo m\u00e1s importante en la vida es querer a nuestra universidad y por ning\u00fan motivo estas bajezas que me hicieron, es por eso que queremos un cambio en la universidad\u201d, finaliz\u00f3.<\/p>\n","protected":false},"excerpt":{"rendered":"<p>Mart\u00edn Vivanco, director de la facultad de Contadur\u00eda y Administraci\u00f3n, renunci\u00f3 a su candidatura a contender por la rector\u00eda de la UAQ, pues afirma que se le acus\u00f3 infundadamente a trav\u00e9s de redes sociales, con la finalidad de limpiar su imagen y de la universidad. A dos d\u00edas de que concluyan las campa\u00f1as electorales en la m\u00e1xima casa de estudios<\/p>\n<div class=\"h10\"><\/div>\n<p><a class=\"more-link2 flat\" href=\"https:\/\/elconspirador.com.mx\/?p=35698\">Leer m\u00e1s<\/a><\/p>\n","protected":false},"author":1,"featured_media":35701,"comment_status":"open","ping_status":"open","sticky":false,"template":"","format":"standard","meta":{"om_disable_all_campaigns":false,"_uf_show_specific_survey":0,"_uf_disable_surveys":false},"categories":[1],"tags":[],"aioseo_notices":[],"_links":{"self":[{"href":"https:\/\/elconspirador.com.mx\/index.php?rest_route=\/wp\/v2\/posts\/35698"}],"collection":[{"href":"https:\/\/elconspirador.com.mx\/index.php?rest_route=\/wp\/v2\/posts"}],"about":[{"href":"https:\/\/elconspirador.com.mx\/index.php?rest_route=\/wp\/v2\/types\/post"}],"author":[{"embeddable":true,"href":"https:\/\/elconspirador.com.mx\/index.php?rest_route=\/wp\/v2\/users\/1"}],"replies":[{"embeddable":true,"href":"https:\/\/elconspirador.com.mx\/index.php?rest_route=%2Fwp%2Fv2%2Fcomments&post=35698"}],"version-history":[{"count":3,"href":"https:\/\/elconspirador.com.mx\/index.php?rest_route=\/wp\/v2\/posts\/35698\/revisions"}],"predecessor-version":[{"id":35702,"href":"https:\/\/elconspirador.com.mx\/index.php?rest_route=\/wp\/v2\/posts\/35698\/revisions\/35702"}],"wp:featuredmedia":[{"embeddable":true,"href":"https:\/\/elconspirador.com.mx\/index.php?rest_route=\/wp\/v2\/media\/35701"}],"wp:attachment":[{"href":"https:\/\/elconspirador.com.mx\/index.php?rest_route=%2Fwp%2Fv2%2Fmedia&parent=35698"}],"wp:term":[{"taxonomy":"category","embeddable":true,"href":"https:\/\/elconspirador.com.mx\/index.php?rest_route=%2Fwp%2Fv2%2Fcategories&post=35698"},{"taxonomy":"post_tag","embeddable":true,"href":"https:\/\/elconspirador.com.mx\/index.php?rest_route=%2Fwp%2Fv2%2Ftags&post=35698"}],"curies":[{"name":"wp","href":"https:\/\/api.w.org\/{rel}","templated":true}]}}