{"id":35712,"date":"2023-10-19T11:15:23","date_gmt":"2023-10-19T17:15:23","guid":{"rendered":"https:\/\/elconspirador.com.mx\/?p=35712"},"modified":"2023-10-19T11:15:23","modified_gmt":"2023-10-19T17:15:23","slug":"fgr-vincula-a-proceso-a-presunto-secuestrador","status":"publish","type":"post","link":"https:\/\/elconspirador.com.mx\/?p=35712","title":{"rendered":"FGR VINCULA A PROCESO A PRESUNTO SECUESTRADOR"},"content":{"rendered":"<p>La Fiscal\u00eda General de la Rep\u00fablica (FGR) en Quer\u00e9taro obtuvo de un Juez de Distrito Especializado, vinculara a proceso a Omar &#8220;N&#8221; por su probable implicaci\u00f3n en los delitos de privaci\u00f3n ilegal de la libertad y posesi\u00f3n de objetos robados.<\/p>\n<p>&nbsp;<\/p>\n<p>Los hechos se originaron con la denuncia por el robo de un tracto-cami\u00f3n que transportaba aproximadamente 24 mil litros de grasa LH. El robo ocurri\u00f3 en las inmediaciones de la carretera federal 45, cerca de la colonia Villas Corregidora, en el municipio del mismo nombre y el conductor del veh\u00edculo de fue v\u00edctima de privaci\u00f3n de su libertad con violencia.<\/p>\n<p>&nbsp;<\/p>\n<p>Elementos de la Guardia Nacional encontraron sobre la carretera a Chichimequillas, ubicada en el municipio de El Marqu\u00e9s, a Omar \u201cN\u201d junto al veh\u00edculo de carga denunciado, y dentro de la cabina, visualizaron al conductor que se encontraba boca abajo y con las manos atadas, por lo que procedieron a la detenci\u00f3n del imputado y lo pusieron a disposici\u00f3n de la Fiscal\u00eda General de la Rep\u00fablica.<\/p>\n<p>&nbsp;<\/p>\n<p>Posteriormente, el Ministerio P\u00fablico de la FGR en Quer\u00e9taro llev\u00f3 a cabo una investigaci\u00f3n que llev\u00f3 a un Juez de Control a determinar la legalidad de la detenci\u00f3n y, posteriormente, a dictar la vinculaci\u00f3n a proceso de Omar &#8220;N&#8221;, a quien le impuso como medida cautelar la prisi\u00f3n preventiva justificada.<\/p>\n","protected":false},"excerpt":{"rendered":"<p>La Fiscal\u00eda General de la Rep\u00fablica (FGR) en Quer\u00e9taro obtuvo de un Juez de Distrito Especializado, vinculara a proceso a Omar &#8220;N&#8221; por su probable implicaci\u00f3n en los delitos de privaci\u00f3n ilegal de la libertad y posesi\u00f3n de objetos robados. &nbsp; Los hechos se originaron con la denuncia por el robo de un tracto-cami\u00f3n que transportaba aproximadamente 24 mil litros<\/p>\n<div class=\"h10\"><\/div>\n<p><a class=\"more-link2 flat\" href=\"https:\/\/elconspirador.com.mx\/?p=35712\">Leer m\u00e1s<\/a><\/p>\n","protected":false},"author":1,"featured_media":35713,"comment_status":"open","ping_status":"open","sticky":false,"template":"","format":"standard","meta":{"om_disable_all_campaigns":false,"_uf_show_specific_survey":0,"_uf_disable_surveys":false},"categories":[1],"tags":[],"aioseo_notices":[],"_links":{"self":[{"href":"https:\/\/elconspirador.com.mx\/index.php?rest_route=\/wp\/v2\/posts\/35712"}],"collection":[{"href":"https:\/\/elconspirador.com.mx\/index.php?rest_route=\/wp\/v2\/posts"}],"about":[{"href":"https:\/\/elconspirador.com.mx\/index.php?rest_route=\/wp\/v2\/types\/post"}],"author":[{"embeddable":true,"href":"https:\/\/elconspirador.com.mx\/index.php?rest_route=\/wp\/v2\/users\/1"}],"replies":[{"embeddable":true,"href":"https:\/\/elconspirador.com.mx\/index.php?rest_route=%2Fwp%2Fv2%2Fcomments&post=35712"}],"version-history":[{"count":1,"href":"https:\/\/elconspirador.com.mx\/index.php?rest_route=\/wp\/v2\/posts\/35712\/revisions"}],"predecessor-version":[{"id":35714,"href":"https:\/\/elconspirador.com.mx\/index.php?rest_route=\/wp\/v2\/posts\/35712\/revisions\/35714"}],"wp:featuredmedia":[{"embeddable":true,"href":"https:\/\/elconspirador.com.mx\/index.php?rest_route=\/wp\/v2\/media\/35713"}],"wp:attachment":[{"href":"https:\/\/elconspirador.com.mx\/index.php?rest_route=%2Fwp%2Fv2%2Fmedia&parent=35712"}],"wp:term":[{"taxonomy":"category","embeddable":true,"href":"https:\/\/elconspirador.com.mx\/index.php?rest_route=%2Fwp%2Fv2%2Fcategories&post=35712"},{"taxonomy":"post_tag","embeddable":true,"href":"https:\/\/elconspirador.com.mx\/index.php?rest_route=%2Fwp%2Fv2%2Ftags&post=35712"}],"curies":[{"name":"wp","href":"https:\/\/api.w.org\/{rel}","templated":true}]}}