{"id":35734,"date":"2023-10-19T21:14:00","date_gmt":"2023-10-20T03:14:00","guid":{"rendered":"https:\/\/elconspirador.com.mx\/?p=35734"},"modified":"2023-10-19T21:14:00","modified_gmt":"2023-10-20T03:14:00","slug":"agustin-dorantes-se-desmarca-de-conflicto-en-la-uaq","status":"publish","type":"post","link":"https:\/\/elconspirador.com.mx\/?p=35734","title":{"rendered":"AGUST\u00cdN DORANTES SE DESMARCA DE CONFLICTO EN LA UAQ"},"content":{"rendered":"<p>Agust\u00edn Dorantes L\u00e1mbarri se desmarc\u00f3 de Carlos Olgu\u00edn, luego de haber sido acusado de intromisi\u00f3n en el proceso interno de la Universidad Aut\u00f3noma de Quer\u00e9taro (UAQ) para elegir al nuevo rector.<\/p>\n<p>Y es que esta semana, la rectora realiz\u00f3 se\u00f1alamientos de intromisi\u00f3n por parte del gobierno estatal, especialmente contra Olgu\u00edn, quien adem\u00e1s de ser docente de la universidad, actualmente es secretario t\u00e9cnico de la Secretar\u00eda de Desarrollo Social del gobierno estatal<\/p>\n<p>&#8220;La decisi\u00f3n de Carlos Olgu\u00edn es meramente personal. Nosotros seguimos enfocados en la Secretar\u00eda de Desarrollo Social, de tiempo completo. Respeto las decisiones que tomen dentro de la UAQ&#8221;.<\/p>\n<p>De acuerdo con Dorantes L\u00e1mbarri, la secretar\u00eda a su cargo no tuvo ninguna injerencia en la universidad para que Carlos Olgu\u00edn estuviera en la Comisi\u00f3n Electoral.<\/p>\n<p>&#8220;Carlos Olgu\u00edn pidi\u00f3 vacaciones. Nosotros no lo propusimos, ni tampoco lo votamos para que fuera miembro de la Comisi\u00f3n Electoral, sino, fue el propio Consejo Universitario, el M\u00e1ximo \u00f3rgano de la universidad&#8221;.<\/p>\n","protected":false},"excerpt":{"rendered":"<p>Agust\u00edn Dorantes L\u00e1mbarri se desmarc\u00f3 de Carlos Olgu\u00edn, luego de haber sido acusado de intromisi\u00f3n en el proceso interno de la Universidad Aut\u00f3noma de Quer\u00e9taro (UAQ) para elegir al nuevo rector. Y es que esta semana, la rectora realiz\u00f3 se\u00f1alamientos de intromisi\u00f3n por parte del gobierno estatal, especialmente contra Olgu\u00edn, quien adem\u00e1s de ser docente de la universidad, actualmente es<\/p>\n<div class=\"h10\"><\/div>\n<p><a class=\"more-link2 flat\" href=\"https:\/\/elconspirador.com.mx\/?p=35734\">Leer m\u00e1s<\/a><\/p>\n","protected":false},"author":1,"featured_media":35749,"comment_status":"open","ping_status":"open","sticky":false,"template":"","format":"standard","meta":{"om_disable_all_campaigns":false,"_uf_show_specific_survey":0,"_uf_disable_surveys":false},"categories":[1],"tags":[],"aioseo_notices":[],"_links":{"self":[{"href":"https:\/\/elconspirador.com.mx\/index.php?rest_route=\/wp\/v2\/posts\/35734"}],"collection":[{"href":"https:\/\/elconspirador.com.mx\/index.php?rest_route=\/wp\/v2\/posts"}],"about":[{"href":"https:\/\/elconspirador.com.mx\/index.php?rest_route=\/wp\/v2\/types\/post"}],"author":[{"embeddable":true,"href":"https:\/\/elconspirador.com.mx\/index.php?rest_route=\/wp\/v2\/users\/1"}],"replies":[{"embeddable":true,"href":"https:\/\/elconspirador.com.mx\/index.php?rest_route=%2Fwp%2Fv2%2Fcomments&post=35734"}],"version-history":[{"count":1,"href":"https:\/\/elconspirador.com.mx\/index.php?rest_route=\/wp\/v2\/posts\/35734\/revisions"}],"predecessor-version":[{"id":35735,"href":"https:\/\/elconspirador.com.mx\/index.php?rest_route=\/wp\/v2\/posts\/35734\/revisions\/35735"}],"wp:featuredmedia":[{"embeddable":true,"href":"https:\/\/elconspirador.com.mx\/index.php?rest_route=\/wp\/v2\/media\/35749"}],"wp:attachment":[{"href":"https:\/\/elconspirador.com.mx\/index.php?rest_route=%2Fwp%2Fv2%2Fmedia&parent=35734"}],"wp:term":[{"taxonomy":"category","embeddable":true,"href":"https:\/\/elconspirador.com.mx\/index.php?rest_route=%2Fwp%2Fv2%2Fcategories&post=35734"},{"taxonomy":"post_tag","embeddable":true,"href":"https:\/\/elconspirador.com.mx\/index.php?rest_route=%2Fwp%2Fv2%2Ftags&post=35734"}],"curies":[{"name":"wp","href":"https:\/\/api.w.org\/{rel}","templated":true}]}}