{"id":35762,"date":"2023-10-20T11:23:17","date_gmt":"2023-10-20T17:23:17","guid":{"rendered":"https:\/\/elconspirador.com.mx\/?p=35762"},"modified":"2023-10-20T11:23:17","modified_gmt":"2023-10-20T17:23:17","slug":"motociclista-atropella-a-padre-e-hija","status":"publish","type":"post","link":"https:\/\/elconspirador.com.mx\/?p=35762","title":{"rendered":"MOTOCICLISTA ATROPELLA A PADRE E HIJA"},"content":{"rendered":"<p>Esta ma\u00f1ana se registr\u00f3 un tr\u00e1gico accidente, que dej\u00f3 a una menor de siete a\u00f1os lesionada de gravedad, al ser arrollada por un motociclista cuando iba camino a la escuela junto a su padre.<\/p>\n<p>La menor cruzaba la calle de la mano de su pap\u00e1 en Avenida Pe\u00f1aflor esquina con Monte C\u00e1rpato, cuando un motociclista circulaba a exceso de velocidad e imprudentemente no fren\u00f3 en el tope peatonal y arroll\u00f3 a la menor y su progenitor, para despu\u00e9s caer a la carpeta asf\u00e1ltica junto con la mujer que viajaba de copiloto.<\/p>\n<p>Tras el reporte a la l\u00ednea de emergencias 911, al lugar se movilizaron param\u00e9dicos del Centro Regulador de Urgencias M\u00e9dicas, quienes a su arribo revisaron a los cuatro lesionados, determinando que la menor presentaba una fuerte lesi\u00f3n en la cabeza que pone en riesgo su vida, por lo que fue trasladada en helic\u00f3ptero a un hospital.<\/p>\n<p>El padre de la menor tambi\u00e9n present\u00f3 una lesi\u00f3n de consideraci\u00f3n en la cabeza y fue trasladado a un hospital en ambulancia, mientras que el conductor de la motocicleta y su acompa\u00f1ante resultaron con lesiones menores, que no ameritaron su traslado al hospital.<\/p>\n<p>Elementos de la polic\u00eda municipal acudieron como primeros respondientes, quienes abanderaron la zona del lamentable percance y detuvieron al conductor de la motocicleta, para trasladarlo a la Fiscal\u00eda del Estado, d\u00f3nde se definir\u00e1 su situaci\u00f3n legal.<\/p>\n","protected":false},"excerpt":{"rendered":"<p>Esta ma\u00f1ana se registr\u00f3 un tr\u00e1gico accidente, que dej\u00f3 a una menor de siete a\u00f1os lesionada de gravedad, al ser arrollada por un motociclista cuando iba camino a la escuela junto a su padre. La menor cruzaba la calle de la mano de su pap\u00e1 en Avenida Pe\u00f1aflor esquina con Monte C\u00e1rpato, cuando un motociclista circulaba a exceso de velocidad<\/p>\n<div class=\"h10\"><\/div>\n<p><a class=\"more-link2 flat\" href=\"https:\/\/elconspirador.com.mx\/?p=35762\">Leer m\u00e1s<\/a><\/p>\n","protected":false},"author":1,"featured_media":35763,"comment_status":"open","ping_status":"open","sticky":false,"template":"","format":"standard","meta":{"om_disable_all_campaigns":false,"_uf_show_specific_survey":0,"_uf_disable_surveys":false},"categories":[1],"tags":[],"aioseo_notices":[],"_links":{"self":[{"href":"https:\/\/elconspirador.com.mx\/index.php?rest_route=\/wp\/v2\/posts\/35762"}],"collection":[{"href":"https:\/\/elconspirador.com.mx\/index.php?rest_route=\/wp\/v2\/posts"}],"about":[{"href":"https:\/\/elconspirador.com.mx\/index.php?rest_route=\/wp\/v2\/types\/post"}],"author":[{"embeddable":true,"href":"https:\/\/elconspirador.com.mx\/index.php?rest_route=\/wp\/v2\/users\/1"}],"replies":[{"embeddable":true,"href":"https:\/\/elconspirador.com.mx\/index.php?rest_route=%2Fwp%2Fv2%2Fcomments&post=35762"}],"version-history":[{"count":1,"href":"https:\/\/elconspirador.com.mx\/index.php?rest_route=\/wp\/v2\/posts\/35762\/revisions"}],"predecessor-version":[{"id":35764,"href":"https:\/\/elconspirador.com.mx\/index.php?rest_route=\/wp\/v2\/posts\/35762\/revisions\/35764"}],"wp:featuredmedia":[{"embeddable":true,"href":"https:\/\/elconspirador.com.mx\/index.php?rest_route=\/wp\/v2\/media\/35763"}],"wp:attachment":[{"href":"https:\/\/elconspirador.com.mx\/index.php?rest_route=%2Fwp%2Fv2%2Fmedia&parent=35762"}],"wp:term":[{"taxonomy":"category","embeddable":true,"href":"https:\/\/elconspirador.com.mx\/index.php?rest_route=%2Fwp%2Fv2%2Fcategories&post=35762"},{"taxonomy":"post_tag","embeddable":true,"href":"https:\/\/elconspirador.com.mx\/index.php?rest_route=%2Fwp%2Fv2%2Ftags&post=35762"}],"curies":[{"name":"wp","href":"https:\/\/api.w.org\/{rel}","templated":true}]}}