{"id":35768,"date":"2023-10-23T22:59:57","date_gmt":"2023-10-24T04:59:57","guid":{"rendered":"https:\/\/elconspirador.com.mx\/?p=35768"},"modified":"2023-10-23T11:00:11","modified_gmt":"2023-10-23T17:00:11","slug":"pancho-dominguez-no-va-este-2024","status":"publish","type":"post","link":"https:\/\/elconspirador.com.mx\/?p=35768","title":{"rendered":"PANCHO DOM\u00cdNGUEZ NO VA ESTE 2024"},"content":{"rendered":"<p>\u201cNi regalada, ni aunque sea plurinominal\u201d aceptar\u00eda Francisco Dom\u00ednguez una candidatura para este 2024, sin embargo asegur\u00f3 que buscar\u00e1 al gobernador Mauricio Kuri para apoyarlo para \u201cver \u00a0c\u00f3mo le hacemos para que Quer\u00e9taro siga siendo azul\u201d.<\/p>\n<p>\u201cEs un tema del gobernador Kuri, quien ya est\u00e1 abriendo las cartas, los candidatos a la zona metropolitana, al senado de la rep\u00fablica, vamos a esperar a que termine de abrir y yo estoy a la disposici\u00f3n de mi partido, esperar\u00e9 platicar con mi gobernador Kuri para ver c\u00f3mo le hacemos para que Quer\u00e9taro siga siendo azul\u201d.<\/p>\n<p>Durante la visita que la aspirante del Frente Ampli\u00f3 Por M\u00e9xico X\u00f3chitl G\u00e1lvez, tuvo por Queretaro, el ex gobernador se descart\u00f3 de contender por alg\u00fan puesto de elecci\u00f3n popular.<\/p>\n<p>\u201cEn esta jornada no voy, definitivo ya saben que yo he dicho que debemos dejar pasar a los cuadros j\u00f3venes, que tienen potencial, y ya despu\u00e9s del 2024 veremos, pero estas elecciones ni regalada, ni a\u00fan que sea plurinominal\u201d.<\/p>\n<p>Asimismo, asegur\u00f3 que todos los aspirantes que han sido \u201cdestapados\u201d por el gobernador, cuentan con una amplia experiencia y han trabajado desde j\u00f3venes para poder dar resultados resultados positivos en los siguientes comicios.<\/p>\n<p>\u201cYo creo que los aspirantes actuales est\u00e1n muy preparados, desde muy j\u00f3venes empezaron y tienen toda la capacidad para sacar adelante una campa\u00f1a pol\u00edtica y en una intermedia para el estado, tengo la seguridad que los candidatos ser\u00e1n competentes\u2026 siempre hay que tirarle al zapato\u201d.<\/p>\n","protected":false},"excerpt":{"rendered":"<p>\u201cNi regalada, ni aunque sea plurinominal\u201d aceptar\u00eda Francisco Dom\u00ednguez una candidatura para este 2024, sin embargo asegur\u00f3 que buscar\u00e1 al gobernador Mauricio Kuri para apoyarlo para \u201cver \u00a0c\u00f3mo le hacemos para que Quer\u00e9taro siga siendo azul\u201d. \u201cEs un tema del gobernador Kuri, quien ya est\u00e1 abriendo las cartas, los candidatos a la zona metropolitana, al senado de la rep\u00fablica, vamos<\/p>\n<div class=\"h10\"><\/div>\n<p><a class=\"more-link2 flat\" href=\"https:\/\/elconspirador.com.mx\/?p=35768\">Leer m\u00e1s<\/a><\/p>\n","protected":false},"author":1,"featured_media":35769,"comment_status":"open","ping_status":"open","sticky":false,"template":"","format":"standard","meta":{"om_disable_all_campaigns":false,"_uf_show_specific_survey":0,"_uf_disable_surveys":false},"categories":[1],"tags":[],"aioseo_notices":[],"_links":{"self":[{"href":"https:\/\/elconspirador.com.mx\/index.php?rest_route=\/wp\/v2\/posts\/35768"}],"collection":[{"href":"https:\/\/elconspirador.com.mx\/index.php?rest_route=\/wp\/v2\/posts"}],"about":[{"href":"https:\/\/elconspirador.com.mx\/index.php?rest_route=\/wp\/v2\/types\/post"}],"author":[{"embeddable":true,"href":"https:\/\/elconspirador.com.mx\/index.php?rest_route=\/wp\/v2\/users\/1"}],"replies":[{"embeddable":true,"href":"https:\/\/elconspirador.com.mx\/index.php?rest_route=%2Fwp%2Fv2%2Fcomments&post=35768"}],"version-history":[{"count":1,"href":"https:\/\/elconspirador.com.mx\/index.php?rest_route=\/wp\/v2\/posts\/35768\/revisions"}],"predecessor-version":[{"id":35770,"href":"https:\/\/elconspirador.com.mx\/index.php?rest_route=\/wp\/v2\/posts\/35768\/revisions\/35770"}],"wp:featuredmedia":[{"embeddable":true,"href":"https:\/\/elconspirador.com.mx\/index.php?rest_route=\/wp\/v2\/media\/35769"}],"wp:attachment":[{"href":"https:\/\/elconspirador.com.mx\/index.php?rest_route=%2Fwp%2Fv2%2Fmedia&parent=35768"}],"wp:term":[{"taxonomy":"category","embeddable":true,"href":"https:\/\/elconspirador.com.mx\/index.php?rest_route=%2Fwp%2Fv2%2Fcategories&post=35768"},{"taxonomy":"post_tag","embeddable":true,"href":"https:\/\/elconspirador.com.mx\/index.php?rest_route=%2Fwp%2Fv2%2Ftags&post=35768"}],"curies":[{"name":"wp","href":"https:\/\/api.w.org\/{rel}","templated":true}]}}