{"id":35780,"date":"2023-10-23T23:59:29","date_gmt":"2023-10-24T05:59:29","guid":{"rendered":"https:\/\/elconspirador.com.mx\/?p=35780"},"modified":"2023-10-23T10:59:39","modified_gmt":"2023-10-23T16:59:39","slug":"listo-calendario-electoral-para-queretaro","status":"publish","type":"post","link":"https:\/\/elconspirador.com.mx\/?p=35780","title":{"rendered":"LISTO CALENDARIO ELECTORAL PARA QUER\u00c9TARO"},"content":{"rendered":"<p>Con el arranque del proceso electoral local qued\u00f3 definido el calendario electoral 2023-2024, el cual marca que los partidos tendr\u00e1n como l\u00edmite el 19 de enero para los registros de alianzas para el pr\u00f3ximo a\u00f1o.<\/p>\n<p>Entre las fechas m\u00e1s importantes est\u00e1n que entre el 21 y 25 de octubre se publicar\u00e1 la convocatoria de candidaturas independientes, mientras que del 1 al 15 de diciembre ser\u00e1 la presentaci\u00f3n de manifestaci\u00f3n de intenci\u00f3n para candidaturas independientes y el 28 de diciembre es el l\u00edmite para dar resoluci\u00f3n a las candidaturas independientes.<\/p>\n<p>Del 1 al 15 de enero se deber\u00e1 determinar el tope de los gastos de campa\u00f1a y del 19 de enero al 17 de febrero se realizar\u00e1n las precampa\u00f1as electorales; en esa misma fecha se podr\u00e1n obtener los respaldos ciudadanos para las candidaturas Independientes y a m\u00e1s tardar el 24 de marzo se informar\u00e1 qui\u00e9nes se podr\u00e1n registrar.<\/p>\n<p>Asimismo, el calendario marca el 3 de marzo como la fecha l\u00edmite para que los funcionarios se separen de su cargo para participar en el proceso electoral, mientras que del 3 al 7 de abril ser\u00e1 el registro de candidaturas a los cargos de ayuntamientos y diputaciones.<\/p>\n<p>El 14 de abril ser\u00e1 el l\u00edmite para informar sobre la procedencia de las candidaturas, mientras que del 15 de abril al 29 de mayo ser\u00e1 el periodo de campa\u00f1as electorales.<\/p>\n<p>La suspensi\u00f3n de los programas sociales ser\u00e1 del 15 de abril al 2 de junio, mientras que los comicios electorales ser\u00e1n el 2 de junio a partir de las 8:00 horas.<\/p>\n","protected":false},"excerpt":{"rendered":"<p>Con el arranque del proceso electoral local qued\u00f3 definido el calendario electoral 2023-2024, el cual marca que los partidos tendr\u00e1n como l\u00edmite el 19 de enero para los registros de alianzas para el pr\u00f3ximo a\u00f1o. Entre las fechas m\u00e1s importantes est\u00e1n que entre el 21 y 25 de octubre se publicar\u00e1 la convocatoria de candidaturas independientes, mientras que del 1<\/p>\n<div class=\"h10\"><\/div>\n<p><a class=\"more-link2 flat\" href=\"https:\/\/elconspirador.com.mx\/?p=35780\">Leer m\u00e1s<\/a><\/p>\n","protected":false},"author":1,"featured_media":35781,"comment_status":"open","ping_status":"open","sticky":false,"template":"","format":"standard","meta":{"om_disable_all_campaigns":false,"_uf_show_specific_survey":0,"_uf_disable_surveys":false},"categories":[1],"tags":[],"aioseo_notices":[],"_links":{"self":[{"href":"https:\/\/elconspirador.com.mx\/index.php?rest_route=\/wp\/v2\/posts\/35780"}],"collection":[{"href":"https:\/\/elconspirador.com.mx\/index.php?rest_route=\/wp\/v2\/posts"}],"about":[{"href":"https:\/\/elconspirador.com.mx\/index.php?rest_route=\/wp\/v2\/types\/post"}],"author":[{"embeddable":true,"href":"https:\/\/elconspirador.com.mx\/index.php?rest_route=\/wp\/v2\/users\/1"}],"replies":[{"embeddable":true,"href":"https:\/\/elconspirador.com.mx\/index.php?rest_route=%2Fwp%2Fv2%2Fcomments&post=35780"}],"version-history":[{"count":1,"href":"https:\/\/elconspirador.com.mx\/index.php?rest_route=\/wp\/v2\/posts\/35780\/revisions"}],"predecessor-version":[{"id":35782,"href":"https:\/\/elconspirador.com.mx\/index.php?rest_route=\/wp\/v2\/posts\/35780\/revisions\/35782"}],"wp:featuredmedia":[{"embeddable":true,"href":"https:\/\/elconspirador.com.mx\/index.php?rest_route=\/wp\/v2\/media\/35781"}],"wp:attachment":[{"href":"https:\/\/elconspirador.com.mx\/index.php?rest_route=%2Fwp%2Fv2%2Fmedia&parent=35780"}],"wp:term":[{"taxonomy":"category","embeddable":true,"href":"https:\/\/elconspirador.com.mx\/index.php?rest_route=%2Fwp%2Fv2%2Fcategories&post=35780"},{"taxonomy":"post_tag","embeddable":true,"href":"https:\/\/elconspirador.com.mx\/index.php?rest_route=%2Fwp%2Fv2%2Ftags&post=35780"}],"curies":[{"name":"wp","href":"https:\/\/api.w.org\/{rel}","templated":true}]}}