{"id":35783,"date":"2023-10-20T14:39:24","date_gmt":"2023-10-20T20:39:24","guid":{"rendered":"https:\/\/elconspirador.com.mx\/?p=35783"},"modified":"2023-10-20T14:39:24","modified_gmt":"2023-10-20T20:39:24","slug":"debaten-aspirantes-a-rectoria-de-la-uaq","status":"publish","type":"post","link":"https:\/\/elconspirador.com.mx\/?p=35783","title":{"rendered":"DEBATEN ASPIRANTES A RECTOR\u00cdA DE LA UAQ"},"content":{"rendered":"<p>Las personas candidatas a la Rector\u00eda de la Universidad Aut\u00f3noma de Quer\u00e9taro (UAQ) para el periodo 2024-207, concluyeron su campa\u00f1a <span dir=\"ltr\">este viernes<\/span> con un debate en sesi\u00f3n extraordinaria del H. Consejo Universitario.<\/p>\n<p>Las participaciones de las y el candidato fueron definidas por sorteo, quedando de la siguiente forma: \u00a0Guadalupe Zald\u00edvar Lelo de Larrea, Marcela \u00c1vila-Eggleton, Manuel Toledano Ayala y Silvia Amaya Llano.<\/p>\n<p>Fueron tres rondas las que se llevaron a cabo en este ejercicio. En primer lugar, las y el aspirante realizaron una exposici\u00f3n de los planes de trabajo; en segundo t\u00e9rmino, cuestionamientos sobre cu\u00e1l es su lema, por qu\u00e9 quiere ser rector o rectora, c\u00f3mo est\u00e1 la Universidad en este momento y d\u00f3nde estar\u00e1 en tres a\u00f1os a partir de su proyecto; finamente, la emisi\u00f3n de un mensaje libre hasta por tres minutos.<\/p>\n<p>Asimismo, \u00a0las y los consejeros formularon tres cuestionamientos generales hacia las personas candidatas: \u00bfC\u00f3mo ser\u00e1n los criterios para conformar su equipo de trabajo?; una vez que concluya el proceso electoral 2024-2027, \u00bfcu\u00e1l ser\u00e1 su primera acci\u00f3n como persona electa para sanar las diferencias que ocasion\u00f3 este proceso electoral?; y cada uno de sus planes de trabajo tienen algo en com\u00fan, buscar la inclusi\u00f3n e igualdad de voces, \u00bfc\u00f3mo van a fomentar concretamente, desde su administraci\u00f3n, que los estudiantes, administrativos y catedr\u00e1ticos obtengan la misma igualdad de condiciones dentro de nuestra Universidad?<\/p>\n<p>Con base en la convocatoria, las y el aspirante, sus representantes, ni sus equipos podr\u00e1n realizar ni promover actos de campa\u00f1a, ni divulgar su proyecto en los medios registrados.<\/p>\n<p>La votaci\u00f3n tendr\u00e1 lugar <span dir=\"ltr\">este lunes 23 a <\/span><span dir=\"ltr\">partir de las 08:00<\/span>horas.<\/p>\n","protected":false},"excerpt":{"rendered":"<p>Las personas candidatas a la Rector\u00eda de la Universidad Aut\u00f3noma de Quer\u00e9taro (UAQ) para el periodo 2024-207, concluyeron su campa\u00f1a este viernes con un debate en sesi\u00f3n extraordinaria del H. Consejo Universitario. Las participaciones de las y el candidato fueron definidas por sorteo, quedando de la siguiente forma: \u00a0Guadalupe Zald\u00edvar Lelo de Larrea, Marcela \u00c1vila-Eggleton, Manuel Toledano Ayala y Silvia<\/p>\n<div class=\"h10\"><\/div>\n<p><a class=\"more-link2 flat\" href=\"https:\/\/elconspirador.com.mx\/?p=35783\">Leer m\u00e1s<\/a><\/p>\n","protected":false},"author":1,"featured_media":35787,"comment_status":"open","ping_status":"open","sticky":false,"template":"","format":"standard","meta":{"om_disable_all_campaigns":false,"_uf_show_specific_survey":0,"_uf_disable_surveys":false},"categories":[1],"tags":[],"aioseo_notices":[],"_links":{"self":[{"href":"https:\/\/elconspirador.com.mx\/index.php?rest_route=\/wp\/v2\/posts\/35783"}],"collection":[{"href":"https:\/\/elconspirador.com.mx\/index.php?rest_route=\/wp\/v2\/posts"}],"about":[{"href":"https:\/\/elconspirador.com.mx\/index.php?rest_route=\/wp\/v2\/types\/post"}],"author":[{"embeddable":true,"href":"https:\/\/elconspirador.com.mx\/index.php?rest_route=\/wp\/v2\/users\/1"}],"replies":[{"embeddable":true,"href":"https:\/\/elconspirador.com.mx\/index.php?rest_route=%2Fwp%2Fv2%2Fcomments&post=35783"}],"version-history":[{"count":1,"href":"https:\/\/elconspirador.com.mx\/index.php?rest_route=\/wp\/v2\/posts\/35783\/revisions"}],"predecessor-version":[{"id":35788,"href":"https:\/\/elconspirador.com.mx\/index.php?rest_route=\/wp\/v2\/posts\/35783\/revisions\/35788"}],"wp:featuredmedia":[{"embeddable":true,"href":"https:\/\/elconspirador.com.mx\/index.php?rest_route=\/wp\/v2\/media\/35787"}],"wp:attachment":[{"href":"https:\/\/elconspirador.com.mx\/index.php?rest_route=%2Fwp%2Fv2%2Fmedia&parent=35783"}],"wp:term":[{"taxonomy":"category","embeddable":true,"href":"https:\/\/elconspirador.com.mx\/index.php?rest_route=%2Fwp%2Fv2%2Fcategories&post=35783"},{"taxonomy":"post_tag","embeddable":true,"href":"https:\/\/elconspirador.com.mx\/index.php?rest_route=%2Fwp%2Fv2%2Ftags&post=35783"}],"curies":[{"name":"wp","href":"https:\/\/api.w.org\/{rel}","templated":true}]}}