{"id":35789,"date":"2023-10-21T12:43:22","date_gmt":"2023-10-21T18:43:22","guid":{"rendered":"https:\/\/elconspirador.com.mx\/?p=35789"},"modified":"2023-10-21T12:43:22","modified_gmt":"2023-10-21T18:43:22","slug":"galvez-quiere-alianza-en-queretaro","status":"publish","type":"post","link":"https:\/\/elconspirador.com.mx\/?p=35789","title":{"rendered":"G\u00c1LVEZ QUIERE ALIANZA EN QUER\u00c9TARO"},"content":{"rendered":"<p>X\u00f3chitl G\u00e1lvez se pronunci\u00f3 por la necesidad de que en Quer\u00e9taro se replique la alianza entre el PAN, PRI y el PRD, pese a la oposici\u00f3n de algunos panistas.<\/p>\n<p>Aunque se dijo respetuosa de las decisiones de cada partido, consider\u00f3 necesario ir unidos, como ha ocurrido en otros estados de la Rep\u00fablica.<\/p>\n<p>&#8220;Para m\u00ed ser\u00eda importante ir en alianza en Quer\u00e9taro porque yo creo que tendr\u00edamos una misma estructura, trabajar\u00edamos en una misma visi\u00f3n y ser\u00eda mucho mejor. Ese es mi punto de vista, pero respetar\u00e9 la decisi\u00f3n local&#8221;.<\/p>\n<p>A pesar de no haber alianza local, en Quer\u00e9taro estuvo cobijada por los dirigentes de los tres partidos, incluido el PRD, quien no cuenta con registro en la entidad.<\/p>\n<p>&#8220;Es cuesti\u00f3n de dialogar y platicar y yo hago votos porque nos pongamos de acuerdo todos y podamos caminar con los mejores cuadros que tiene cada partido y podamos ir con una alianza absolutamente ganadora. Se va a decir mucho de aqu\u00ed a que se anuncie. Se van a poner de acuerdo&#8221;.<\/p>\n<p>Cabe mencionar que la dirigencia estatal del PAN ha mencionado que la decisi\u00f3n de ir en alianza se podr\u00eda tomar hasta finales del mes de noviembre.<\/p>\n","protected":false},"excerpt":{"rendered":"<p>X\u00f3chitl G\u00e1lvez se pronunci\u00f3 por la necesidad de que en Quer\u00e9taro se replique la alianza entre el PAN, PRI y el PRD, pese a la oposici\u00f3n de algunos panistas. Aunque se dijo respetuosa de las decisiones de cada partido, consider\u00f3 necesario ir unidos, como ha ocurrido en otros estados de la Rep\u00fablica. &#8220;Para m\u00ed ser\u00eda importante ir en alianza en<\/p>\n<div class=\"h10\"><\/div>\n<p><a class=\"more-link2 flat\" href=\"https:\/\/elconspirador.com.mx\/?p=35789\">Leer m\u00e1s<\/a><\/p>\n","protected":false},"author":1,"featured_media":35790,"comment_status":"open","ping_status":"open","sticky":false,"template":"","format":"standard","meta":{"om_disable_all_campaigns":false,"_uf_show_specific_survey":0,"_uf_disable_surveys":false},"categories":[1],"tags":[],"aioseo_notices":[],"_links":{"self":[{"href":"https:\/\/elconspirador.com.mx\/index.php?rest_route=\/wp\/v2\/posts\/35789"}],"collection":[{"href":"https:\/\/elconspirador.com.mx\/index.php?rest_route=\/wp\/v2\/posts"}],"about":[{"href":"https:\/\/elconspirador.com.mx\/index.php?rest_route=\/wp\/v2\/types\/post"}],"author":[{"embeddable":true,"href":"https:\/\/elconspirador.com.mx\/index.php?rest_route=\/wp\/v2\/users\/1"}],"replies":[{"embeddable":true,"href":"https:\/\/elconspirador.com.mx\/index.php?rest_route=%2Fwp%2Fv2%2Fcomments&post=35789"}],"version-history":[{"count":1,"href":"https:\/\/elconspirador.com.mx\/index.php?rest_route=\/wp\/v2\/posts\/35789\/revisions"}],"predecessor-version":[{"id":35791,"href":"https:\/\/elconspirador.com.mx\/index.php?rest_route=\/wp\/v2\/posts\/35789\/revisions\/35791"}],"wp:featuredmedia":[{"embeddable":true,"href":"https:\/\/elconspirador.com.mx\/index.php?rest_route=\/wp\/v2\/media\/35790"}],"wp:attachment":[{"href":"https:\/\/elconspirador.com.mx\/index.php?rest_route=%2Fwp%2Fv2%2Fmedia&parent=35789"}],"wp:term":[{"taxonomy":"category","embeddable":true,"href":"https:\/\/elconspirador.com.mx\/index.php?rest_route=%2Fwp%2Fv2%2Fcategories&post=35789"},{"taxonomy":"post_tag","embeddable":true,"href":"https:\/\/elconspirador.com.mx\/index.php?rest_route=%2Fwp%2Fv2%2Ftags&post=35789"}],"curies":[{"name":"wp","href":"https:\/\/api.w.org\/{rel}","templated":true}]}}