{"id":35807,"date":"2023-10-21T14:34:39","date_gmt":"2023-10-21T20:34:39","guid":{"rendered":"https:\/\/elconspirador.com.mx\/?p=35807"},"modified":"2023-10-21T14:34:39","modified_gmt":"2023-10-21T20:34:39","slug":"fatal-accidente-en-la-cuota-a-celaya","status":"publish","type":"post","link":"https:\/\/elconspirador.com.mx\/?p=35807","title":{"rendered":"FATAL ACCIDENTE EN LA CUOTA A CELAYA"},"content":{"rendered":"<p>La noche de ayer se registr\u00f3 una fatal carambola, en la carretera de cuota a Celaya en direcci\u00f3n a Quer\u00e9taro, a la altura del Kil\u00f3metro 8 a poco metros de llegar a la caseta de peaje, que dej\u00f3 como saldo a una persona muerta y al menos 11 lesionados.<\/p>\n<p>El accidente fue causado por un cami\u00f3n tipo torton, cuando el conductor perdi\u00f3 el control e impact\u00f3 a un autob\u00fas de la empresa ETN y una camioneta que tripulaba una familia, para despu\u00e9s volcar y aplastar una camioneta de transporte de personal, d\u00f3nde solo viajaba el conductor.<\/p>\n<p>Tras el reporte a la l\u00ednea de emergencias 911, al lugar se trasladaron param\u00e9dicos de Protecci\u00f3n Civil de Corregidora y Quer\u00e9taro, adem\u00e1s de personal Caminos y Puentes Federales, quienes atendieron a Seis pasajeros del autob\u00fas y al operador, adem\u00e1s de a los cuatro tripulantes de una camioneta, quienes resultaron con lesiones menores.<\/p>\n<p>Mientras que el conductor de la camioneta de transporte de personal que viajaba solo, \u00fanicamente pudieron confirmar que ya no contaba con signos vitales, mientras que el ch\u00f3fer del cami\u00f3n tipo torton, tras ver el accidente que provoc\u00f3 se di\u00f3 a la fuga del lugar.<\/p>\n<p>La carretera qued\u00f3 bloqueda en su totalidad en direcci\u00f3n a Quer\u00e9taro por varias horas, por lo que elementos de la Guardia Nacional divisi\u00f3n carreteras acudieron a abanderar el percance y solicitar las gr\u00faas, para realizar las maniobras y liberar la vialidad al concluir las diligencias del personal de periciales, quienes realizaron el levantamiento del cuerpo de la v\u00edctima, para trasladarlo al Semefo.<\/p>\n","protected":false},"excerpt":{"rendered":"<p>La noche de ayer se registr\u00f3 una fatal carambola, en la carretera de cuota a Celaya en direcci\u00f3n a Quer\u00e9taro, a la altura del Kil\u00f3metro 8 a poco metros de llegar a la caseta de peaje, que dej\u00f3 como saldo a una persona muerta y al menos 11 lesionados. El accidente fue causado por un cami\u00f3n tipo torton, cuando el<\/p>\n<div class=\"h10\"><\/div>\n<p><a class=\"more-link2 flat\" href=\"https:\/\/elconspirador.com.mx\/?p=35807\">Leer m\u00e1s<\/a><\/p>\n","protected":false},"author":1,"featured_media":35808,"comment_status":"open","ping_status":"open","sticky":false,"template":"","format":"standard","meta":{"om_disable_all_campaigns":false,"_uf_show_specific_survey":0,"_uf_disable_surveys":false},"categories":[1],"tags":[],"aioseo_notices":[],"_links":{"self":[{"href":"https:\/\/elconspirador.com.mx\/index.php?rest_route=\/wp\/v2\/posts\/35807"}],"collection":[{"href":"https:\/\/elconspirador.com.mx\/index.php?rest_route=\/wp\/v2\/posts"}],"about":[{"href":"https:\/\/elconspirador.com.mx\/index.php?rest_route=\/wp\/v2\/types\/post"}],"author":[{"embeddable":true,"href":"https:\/\/elconspirador.com.mx\/index.php?rest_route=\/wp\/v2\/users\/1"}],"replies":[{"embeddable":true,"href":"https:\/\/elconspirador.com.mx\/index.php?rest_route=%2Fwp%2Fv2%2Fcomments&post=35807"}],"version-history":[{"count":1,"href":"https:\/\/elconspirador.com.mx\/index.php?rest_route=\/wp\/v2\/posts\/35807\/revisions"}],"predecessor-version":[{"id":35809,"href":"https:\/\/elconspirador.com.mx\/index.php?rest_route=\/wp\/v2\/posts\/35807\/revisions\/35809"}],"wp:featuredmedia":[{"embeddable":true,"href":"https:\/\/elconspirador.com.mx\/index.php?rest_route=\/wp\/v2\/media\/35808"}],"wp:attachment":[{"href":"https:\/\/elconspirador.com.mx\/index.php?rest_route=%2Fwp%2Fv2%2Fmedia&parent=35807"}],"wp:term":[{"taxonomy":"category","embeddable":true,"href":"https:\/\/elconspirador.com.mx\/index.php?rest_route=%2Fwp%2Fv2%2Fcategories&post=35807"},{"taxonomy":"post_tag","embeddable":true,"href":"https:\/\/elconspirador.com.mx\/index.php?rest_route=%2Fwp%2Fv2%2Ftags&post=35807"}],"curies":[{"name":"wp","href":"https:\/\/api.w.org\/{rel}","templated":true}]}}