{"id":35812,"date":"2023-10-21T17:53:13","date_gmt":"2023-10-21T23:53:13","guid":{"rendered":"https:\/\/elconspirador.com.mx\/?p=35812"},"modified":"2023-10-21T17:53:13","modified_gmt":"2023-10-21T23:53:13","slug":"cancelan-concierto-de-la-arrolladora","status":"publish","type":"post","link":"https:\/\/elconspirador.com.mx\/?p=35812","title":{"rendered":"CANCELAN CONCIERTO DE LA ARROLLADORA"},"content":{"rendered":"<p>A trav\u00e9s de un bolet\u00edn de prensa de la empresa promotora del concierto de La Arrolladora Banda Lim\u00f3n, se inform\u00f3 que la presentaci\u00f3n ser\u00e1 pospuesta para otra fecha.<\/p>\n<p>&#8220;Se les comunica que por causas de log\u00edstica y producci\u00f3n ajenas al artista y la promotora, la participaci\u00f3n de La Arrolladora Banda El Lim\u00f3n y Bandas Invitadas que estaba prevista para hoy s\u00e1bado 21 de Octubre en la explanada del Ecocentro Expositor se POSPONE&#8221;.<\/p>\n<p>Se inform\u00f3 que se respetar\u00e1n todos los boletos y lugares adquiridos para la nueva fecha que estar\u00e1 anunciando en los pr\u00f3ximos d\u00edas y lamentaron los inconvenientes.<\/p>\n","protected":false},"excerpt":{"rendered":"<p>A trav\u00e9s de un bolet\u00edn de prensa de la empresa promotora del concierto de La Arrolladora Banda Lim\u00f3n, se inform\u00f3 que la presentaci\u00f3n ser\u00e1 pospuesta para otra fecha. &#8220;Se les comunica que por causas de log\u00edstica y producci\u00f3n ajenas al artista y la promotora, la participaci\u00f3n de La Arrolladora Banda El Lim\u00f3n y Bandas Invitadas que estaba prevista para hoy<\/p>\n<div class=\"h10\"><\/div>\n<p><a class=\"more-link2 flat\" href=\"https:\/\/elconspirador.com.mx\/?p=35812\">Leer m\u00e1s<\/a><\/p>\n","protected":false},"author":1,"featured_media":35813,"comment_status":"open","ping_status":"open","sticky":false,"template":"","format":"standard","meta":{"om_disable_all_campaigns":false,"_uf_show_specific_survey":0,"_uf_disable_surveys":false},"categories":[1],"tags":[],"aioseo_notices":[],"_links":{"self":[{"href":"https:\/\/elconspirador.com.mx\/index.php?rest_route=\/wp\/v2\/posts\/35812"}],"collection":[{"href":"https:\/\/elconspirador.com.mx\/index.php?rest_route=\/wp\/v2\/posts"}],"about":[{"href":"https:\/\/elconspirador.com.mx\/index.php?rest_route=\/wp\/v2\/types\/post"}],"author":[{"embeddable":true,"href":"https:\/\/elconspirador.com.mx\/index.php?rest_route=\/wp\/v2\/users\/1"}],"replies":[{"embeddable":true,"href":"https:\/\/elconspirador.com.mx\/index.php?rest_route=%2Fwp%2Fv2%2Fcomments&post=35812"}],"version-history":[{"count":1,"href":"https:\/\/elconspirador.com.mx\/index.php?rest_route=\/wp\/v2\/posts\/35812\/revisions"}],"predecessor-version":[{"id":35814,"href":"https:\/\/elconspirador.com.mx\/index.php?rest_route=\/wp\/v2\/posts\/35812\/revisions\/35814"}],"wp:featuredmedia":[{"embeddable":true,"href":"https:\/\/elconspirador.com.mx\/index.php?rest_route=\/wp\/v2\/media\/35813"}],"wp:attachment":[{"href":"https:\/\/elconspirador.com.mx\/index.php?rest_route=%2Fwp%2Fv2%2Fmedia&parent=35812"}],"wp:term":[{"taxonomy":"category","embeddable":true,"href":"https:\/\/elconspirador.com.mx\/index.php?rest_route=%2Fwp%2Fv2%2Fcategories&post=35812"},{"taxonomy":"post_tag","embeddable":true,"href":"https:\/\/elconspirador.com.mx\/index.php?rest_route=%2Fwp%2Fv2%2Ftags&post=35812"}],"curies":[{"name":"wp","href":"https:\/\/api.w.org\/{rel}","templated":true}]}}