{"id":35837,"date":"2023-10-23T06:55:50","date_gmt":"2023-10-23T12:55:50","guid":{"rendered":"https:\/\/elconspirador.com.mx\/?p=35837"},"modified":"2023-10-23T06:55:50","modified_gmt":"2023-10-23T12:55:50","slug":"queretanos-se-suman-a-para-vs-el-poder-legislativo-federal","status":"publish","type":"post","link":"https:\/\/elconspirador.com.mx\/?p=35837","title":{"rendered":"QUERETANOS SE SUMAN A PARA VS EL PODER LEGISLATIVO FEDERAL"},"content":{"rendered":"<p>Un grupo de casi 2 mil personas, entre trabajadores y simpatizantes del Poder Judicial de la Federaci\u00f3n en Quer\u00e9taro, se sumaron a la protesta nacional que se realiza por la desaparici\u00f3n los fideicomisos que se analiza en el senado de la Rep\u00fablica.<\/p>\n<p>Este domingo, el contingente tom\u00f3 las calles del Centro Hist\u00f3rico, para terminar en Plaza de Armas, donde se realiz\u00f3 un mitin donde tambi\u00e9n pidieron una disculpa p\u00fablica del Presidente, Andr\u00e9s Manuel L\u00f3pez Obrador, por haber descalificado a los trabajadores del Poder Judicial.<br \/>\n\u201cLlevamos una lucha desde hace varios meses y se fue, se vio cristalizada en estos d\u00edas pasados con motivo de la instalaci\u00f3n de mantas o lonas alusivas a la queja que tenemos nosotros con los trabajadores del Poder Judicial de la Federaci\u00f3n, solicitamos respeto a los derechos laborales, a las percepciones y al salario, adem\u00e1s de ello, solicitamos el respeto a nuestra dignidad, le pedimos al ejecutivo federal que nos d\u00e9 una disculpa p\u00fablica por las denuncias denostaciones, risas y mofas que han hecho a todos los trabajadores del Poder Judicial de la Federaci\u00f3n, que d\u00eda con d\u00eda contribuyen a la gobernabilidad del pa\u00eds\u201d, dijo el secretario del Poder Judicial, Germ\u00e1n Brise\u00f1o Saenz.<br \/>\nA\u00f1adi\u00f3 que en la manifestaci\u00f3n participaron unos 750 trabajadores del Poder judicial y record\u00f3 que actualmente est\u00e1n en un paro laboral, por lo que solo son atendidos los asuntos de urgencia, en Quer\u00e9taro.<br \/>\n\u201cEl manifiesto va en el sentido de exaltar la actividad que tiene el Poder Judicial y lo importante que es que deben de cuidar el Poder Judicial en funci\u00f3n de que toda la poblaci\u00f3n recibe algo del Poder Judicial a trav\u00e9s de los amparos, a trav\u00e9s de juicios que somos un poder que somos totalmente imparcial y que buscamos la Independencia\u201d, expres\u00f3.<\/p>\n","protected":false},"excerpt":{"rendered":"<p>Un grupo de casi 2 mil personas, entre trabajadores y simpatizantes del Poder Judicial de la Federaci\u00f3n en Quer\u00e9taro, se sumaron a la protesta nacional que se realiza por la desaparici\u00f3n los fideicomisos que se analiza en el senado de la Rep\u00fablica. Este domingo, el contingente tom\u00f3 las calles del Centro Hist\u00f3rico, para terminar en Plaza de Armas, donde se<\/p>\n<div class=\"h10\"><\/div>\n<p><a class=\"more-link2 flat\" href=\"https:\/\/elconspirador.com.mx\/?p=35837\">Leer m\u00e1s<\/a><\/p>\n","protected":false},"author":1,"featured_media":35846,"comment_status":"open","ping_status":"open","sticky":false,"template":"","format":"standard","meta":{"om_disable_all_campaigns":false,"_uf_show_specific_survey":0,"_uf_disable_surveys":false},"categories":[1],"tags":[],"aioseo_notices":[],"_links":{"self":[{"href":"https:\/\/elconspirador.com.mx\/index.php?rest_route=\/wp\/v2\/posts\/35837"}],"collection":[{"href":"https:\/\/elconspirador.com.mx\/index.php?rest_route=\/wp\/v2\/posts"}],"about":[{"href":"https:\/\/elconspirador.com.mx\/index.php?rest_route=\/wp\/v2\/types\/post"}],"author":[{"embeddable":true,"href":"https:\/\/elconspirador.com.mx\/index.php?rest_route=\/wp\/v2\/users\/1"}],"replies":[{"embeddable":true,"href":"https:\/\/elconspirador.com.mx\/index.php?rest_route=%2Fwp%2Fv2%2Fcomments&post=35837"}],"version-history":[{"count":1,"href":"https:\/\/elconspirador.com.mx\/index.php?rest_route=\/wp\/v2\/posts\/35837\/revisions"}],"predecessor-version":[{"id":35838,"href":"https:\/\/elconspirador.com.mx\/index.php?rest_route=\/wp\/v2\/posts\/35837\/revisions\/35838"}],"wp:featuredmedia":[{"embeddable":true,"href":"https:\/\/elconspirador.com.mx\/index.php?rest_route=\/wp\/v2\/media\/35846"}],"wp:attachment":[{"href":"https:\/\/elconspirador.com.mx\/index.php?rest_route=%2Fwp%2Fv2%2Fmedia&parent=35837"}],"wp:term":[{"taxonomy":"category","embeddable":true,"href":"https:\/\/elconspirador.com.mx\/index.php?rest_route=%2Fwp%2Fv2%2Fcategories&post=35837"},{"taxonomy":"post_tag","embeddable":true,"href":"https:\/\/elconspirador.com.mx\/index.php?rest_route=%2Fwp%2Fv2%2Ftags&post=35837"}],"curies":[{"name":"wp","href":"https:\/\/api.w.org\/{rel}","templated":true}]}}