{"id":35894,"date":"2023-10-24T06:14:02","date_gmt":"2023-10-24T12:14:02","guid":{"rendered":"https:\/\/elconspirador.com.mx\/?p=35894"},"modified":"2023-10-24T06:14:02","modified_gmt":"2023-10-24T12:14:02","slug":"acusa-lupita-a-herrera-de-politizar-tema-de-agua","status":"publish","type":"post","link":"https:\/\/elconspirador.com.mx\/?p=35894","title":{"rendered":"ACUSA LUPITA A HERRERA DE POLITIZAR TEMA DE AGUA"},"content":{"rendered":"<p>La Secretaria de Gobierno, Guadalupe Murgu\u00eda Guti\u00e9rrez, acus\u00f3 a Gilberto Herrera de politizar el tema del agua en la comunidad de Macon\u00ed.<\/p>\n<p>Incluso, acus\u00f3 que personal de la Secretar\u00eda de Bienestar en Quer\u00e9taro, as\u00ed como militantes de Morena han convocado a esta marcha.<\/p>\n<p>&#8220;Es lamentable que precisamente haya servidores p\u00fablicos del gobierno federal, pagados por la delegaci\u00f3n de Bienestar, que son quienes participan en la marcha y quienes a trav\u00e9s de las redes sociales han estado convocando a la participaci\u00f3n. Tambi\u00e9n hay personal de Morena&#8221;.<\/p>\n<p>Por ello acus\u00f3 que tambi\u00e9n personal del senador Gilberto Herrera se han apropiado de la marcha para beneficio de sus propios intereses.<\/p>\n<p>Siendo servidores p\u00fablicos federales, est\u00e1n con la informaci\u00f3n que tienen de becas, de apoyos queriendo convocar a las personas que son beneficiarias de programas sociales&#8221;.<\/p>\n<p>Cabe mencionar que el d\u00eda martes llegar\u00e1n los habitantes de Macon\u00ed, quienes caminan todos los d\u00edas para llegar a la capital del estado.<\/p>\n","protected":false},"excerpt":{"rendered":"<p>La Secretaria de Gobierno, Guadalupe Murgu\u00eda Guti\u00e9rrez, acus\u00f3 a Gilberto Herrera de politizar el tema del agua en la comunidad de Macon\u00ed. Incluso, acus\u00f3 que personal de la Secretar\u00eda de Bienestar en Quer\u00e9taro, as\u00ed como militantes de Morena han convocado a esta marcha. &#8220;Es lamentable que precisamente haya servidores p\u00fablicos del gobierno federal, pagados por la delegaci\u00f3n de Bienestar, que<\/p>\n<div class=\"h10\"><\/div>\n<p><a class=\"more-link2 flat\" href=\"https:\/\/elconspirador.com.mx\/?p=35894\">Leer m\u00e1s<\/a><\/p>\n","protected":false},"author":1,"featured_media":35895,"comment_status":"open","ping_status":"open","sticky":false,"template":"","format":"standard","meta":{"om_disable_all_campaigns":false,"_uf_show_specific_survey":0,"_uf_disable_surveys":false},"categories":[1],"tags":[],"aioseo_notices":[],"_links":{"self":[{"href":"https:\/\/elconspirador.com.mx\/index.php?rest_route=\/wp\/v2\/posts\/35894"}],"collection":[{"href":"https:\/\/elconspirador.com.mx\/index.php?rest_route=\/wp\/v2\/posts"}],"about":[{"href":"https:\/\/elconspirador.com.mx\/index.php?rest_route=\/wp\/v2\/types\/post"}],"author":[{"embeddable":true,"href":"https:\/\/elconspirador.com.mx\/index.php?rest_route=\/wp\/v2\/users\/1"}],"replies":[{"embeddable":true,"href":"https:\/\/elconspirador.com.mx\/index.php?rest_route=%2Fwp%2Fv2%2Fcomments&post=35894"}],"version-history":[{"count":1,"href":"https:\/\/elconspirador.com.mx\/index.php?rest_route=\/wp\/v2\/posts\/35894\/revisions"}],"predecessor-version":[{"id":35896,"href":"https:\/\/elconspirador.com.mx\/index.php?rest_route=\/wp\/v2\/posts\/35894\/revisions\/35896"}],"wp:featuredmedia":[{"embeddable":true,"href":"https:\/\/elconspirador.com.mx\/index.php?rest_route=\/wp\/v2\/media\/35895"}],"wp:attachment":[{"href":"https:\/\/elconspirador.com.mx\/index.php?rest_route=%2Fwp%2Fv2%2Fmedia&parent=35894"}],"wp:term":[{"taxonomy":"category","embeddable":true,"href":"https:\/\/elconspirador.com.mx\/index.php?rest_route=%2Fwp%2Fv2%2Fcategories&post=35894"},{"taxonomy":"post_tag","embeddable":true,"href":"https:\/\/elconspirador.com.mx\/index.php?rest_route=%2Fwp%2Fv2%2Ftags&post=35894"}],"curies":[{"name":"wp","href":"https:\/\/api.w.org\/{rel}","templated":true}]}}