{"id":35900,"date":"2023-10-23T17:09:10","date_gmt":"2023-10-23T23:09:10","guid":{"rendered":"https:\/\/elconspirador.com.mx\/?p=35900"},"modified":"2023-10-23T17:09:10","modified_gmt":"2023-10-23T23:09:10","slug":"kuri-entrega-ambulancias-al-crum","status":"publish","type":"post","link":"https:\/\/elconspirador.com.mx\/?p=35900","title":{"rendered":"KURI ENTREGA AMBULANCIAS AL CRUM"},"content":{"rendered":"<p class=\"s6\"><span class=\"s7\"><span class=\"bumpedFont15\">Con el prop\u00f3sito de mejorar y fortalecer el sistema de atenci\u00f3n de emergencias en la entidad, el gobernador, Mauricio Kuri Gonz\u00e1lez, entreg\u00f3 cinco ambulancias Mercedes Benz 417 de terapia intensiva al Centro Regulador de Urgencias M\u00e9dicas (CRUM).<\/span><\/span><\/p>\n<p class=\"s6\"><span class=\"s7\"><span class=\"bumpedFont15\">El mandatario estatal record\u00f3 que el dise\u00f1o de equipamiento de las nuevas unidades, estuvo a cargo de Diego Arturo L\u00f3pez<\/span><\/span><span class=\"s7\"><span class=\"bumpedFont15\"> de <\/span><\/span><span class=\"s7\"><span class=\"bumpedFont15\">Ortigosa<\/span><\/span> <span class=\"s7\"><span class=\"bumpedFont15\">S\u00e1nchez<\/span><\/span><span class=\"s7\"><span class=\"bumpedFont15\">, integrante del CRUM, quien recientemente falleci\u00f3 y fue ejemplo de trabajo <\/span><\/span><span class=\"s7\"><span class=\"bumpedFont15\">y <\/span><\/span><span class=\"s7\"><span class=\"bumpedFont15\">esfuerzo entre las y los queretanos. <\/span><\/span><\/p>\n<p class=\"s6\"><span class=\"s7\"><span class=\"bumpedFont15\">\u201cElevar a Quer\u00e9taro al siguiente nivel tiene un costo, pero ese costo vale la pena pagar. Vale la pena pagar y tener las mejores unidades, a p<\/span><\/span><span class=\"s7\"><span class=\"bumpedFont15\">arte dise\u00f1adas por un queretano. D<\/span><\/span><span class=\"s7\"><span class=\"bumpedFont15\">e muy buena marca europea<\/span><\/span><span class=\"s7\"><span class=\"bumpedFont15\">,<\/span><\/span><span class=\"s7\"><span class=\"bumpedFont15\"> el mejor personal m\u00e9dico y param\u00e9dico que tenemos del pa\u00eds\u201d, subray\u00f3. <\/span><\/span><\/p>\n<p class=\"s6\"><span class=\"s7\"><span class=\"bumpedFont15\">Kuri Gonz\u00e1lez refiri\u00f3 que los servicios de emergencia de Quer\u00e9taro han demostrado, una y otra vez, su capacidad de reacci\u00f3n, as\u00ed como una atenci\u00f3n sobresaliente en el cuidado de las y los ciudadanos. En este marco, apunt\u00f3 que se ha invertido en tecnolog\u00eda biom\u00e9dica de punta, suministros m\u00e9dicos esenciales y equipos de soporte, para garantizar que estas ambulancias est\u00e9n preparadas <\/span><\/span><span class=\"s7\"><span class=\"bumpedFont15\">ante<\/span><\/span> <span class=\"s7\"><span class=\"bumpedFont15\">cualquier situaci\u00f3n<\/span><\/span><span class=\"s7\"><span class=\"bumpedFont15\">.<\/span><\/span><\/p>\n<p class=\"s6\"><span class=\"s7\"><span class=\"bumpedFont15\">El mandatario estatal expres\u00f3 que si bien estos veh\u00edculos son un elemento crucial, lo m\u00e1s valioso con lo que cuenta el estado sigue siendo el talento y la dedicaci\u00f3n de las y los profesionales de la salud, motivo por el que agradeci\u00f3 a todas y todos los m\u00e9dicos, enfermeras, param\u00e9dicos y personal que trabajan incansablemente en el CRUM y en todo el sistema de salud.<\/span><\/span><\/p>\n<p class=\"s6\"><span class=\"s7\"><span class=\"bumpedFont15\">\u201cEs palabra de coraz\u00f3n: tambi\u00e9n estoy mu<\/span><\/span><span class=\"s7\"><span class=\"bumpedFont15\">y agradecido por todo su apoyo <\/span><\/span><span class=\"s7\"><span class=\"bumpedFont15\">y por su trabajo que hacen todos lo<\/span><\/span><span class=\"s7\"><span class=\"bumpedFont15\">s<\/span><\/span><span class=\"s7\"><span class=\"bumpedFont15\"> d\u00edas. De coraz\u00f3n muchas gracias, no los voy a dejar, voy a seguir trabajando y voy a seguir buscando recursos para que podamos tener el mejor sistema m\u00e9dico, que ya lo tenemos\u201d, enfatiz\u00f3. <\/span><\/span><\/p>\n<p class=\"s6\"><span class=\"s7\"><span class=\"bumpedFont15\">En el<\/span><\/span><span class=\"s7\"><span class=\"bumpedFont15\"> marco del D\u00eda del M\u00e9dico y la M\u00e9dica, que se conmemora este 23 de octubre, la secretaria de Salud, Mar\u00eda Martina P\u00e9rez Rend\u00f3n, se\u00f1al\u00f3 que las nuevas unidades son s\u00edmbolos de esperanza, apoyo y atenci\u00f3n de calidad para la poblaci\u00f3n queretana en momentos cr\u00edticos; representan un eslab\u00f3n crucial en la cadena de respuesta a emergencias y pueden marcar la diferencia entre la vida y la muerte.<\/span><\/span><\/p>\n<p class=\"s6\"><span class=\"s7\"><span class=\"bumpedFont15\">\u201cLa inversi\u00f3n en estas ambulancias no solo es una inversi\u00f3n en la salud, sino tambi\u00e9n en la seguridad y el bienestar de la comunidad. Es un recordatorio de que en Quer\u00e9taro, la vida y la salud son nuestra prioridad. Gracias, gobernador Mauricio Kuri, por su enorme compromiso, gesti\u00f3n y apoyo, a fin de brindar el m\u00e1s alto nivel de atenci\u00f3n, sin importar la ubicaci\u00f3n o la gravedad de la emergencia\u201d, resalt\u00f3.<\/span><\/span><\/p>\n<p class=\"s6\"><span class=\"s7\"><span class=\"bumpedFont15\">P\u00e9rez Rend\u00f3n aprovech\u00f3 la ocasi\u00f3n para distinguir a quien se <\/span><\/span><span class=\"s7\"><span class=\"bumpedFont15\">har\u00e1<\/span><\/span><span class=\"s7\"><span class=\"bumpedFont15\"> cargo de operar las ambulancias, personal del <\/span><\/span><span class=\"s7\"><span class=\"bumpedFont15\">CRUM, que<\/span><\/span><span class=\"s7\"><span class=\"bumpedFont15\"> dijo,<\/span><\/span><span class=\"s7\"><span class=\"bumpedFont15\"> se ha logrado consolidar como un gran equipo de trabajo, altamente calificado y siempre preocupado por su actualizaci\u00f3n. <\/span><\/span><\/p>\n<p class=\"s6\"><span class=\"s7\"><span class=\"bumpedFont15\">Al tomar la palabra, el jefe del Centro Regulador de Urgencias M\u00e9dicas, Carlos Isidro Garc\u00eda Cuellar, mencion\u00f3 que con estas ambulancias, Quer\u00e9taro ofrece a la ciudadan\u00eda la mejor medicina prehospitalaria del pa\u00eds. <\/span><\/span><\/p>\n<p class=\"s6\"><span class=\"s7\"><span class=\"bumpedFont15\">Comparti\u00f3 que las nuevas unidades cuentan con la clasificaci\u00f3n NOM034-SSA3-2013 correspondiente a Terapia Intensiva y su equipamiento incluye: un monitor desfibrilador con lectura de 12 derivadas; marcapasos transcut\u00e1neo; cinograf\u00eda Pani; pulso-oximetr\u00eda y temperatura especial.<\/span><\/span><\/p>\n<p class=\"s6\"><span class=\"s7\"><span class=\"bumpedFont15\">Tambi\u00e9n un ventilador mec\u00e1nico para neonatos y adultos, con seis modos, y un ventilador certificado para vuelo; bombas de infusi\u00f3n Fresenius con autonom\u00eda de energ\u00eda, y un aspirador de secreciones port\u00e1til. <\/span><\/span><span class=\"s7\"><span class=\"bumpedFont15\">Adem\u00e1s,<\/span><\/span><span class=\"s7\"><span class=\"bumpedFont15\"> cuentan con 74 claves de medicam<\/span><\/span><span class=\"s7\"><span class=\"bumpedFont15\">entos surtidos<\/span><\/span><span class=\"s7\"><span class=\"bumpedFont15\">; una camilla el\u00e9ctrica con configuraci\u00f3n bari\u00e1trica y carga de hasta 318 kilos, con un sistema de elevaci\u00f3n hidr\u00e1ulico y un taladro intra\u00f3seo para suministrar f\u00e1rmacos y l\u00edquidos.<\/span><\/span><\/p>\n<p class=\"s6\"><span class=\"s7\"><span class=\"bumpedFont15\">En su momento, el director de Servicios M\u00e9dicos Hospitalarios, Hugo Daniel Cerrillo Cruz, indic\u00f3 que la en<\/span><\/span><span class=\"s7\"><span class=\"bumpedFont15\">trega de los veh\u00edculos refrenda<\/span><\/span><span class=\"s7\"><span class=\"bumpedFont15\"> el compromiso de fortalecer los servicios con equipamiento de tecnolog\u00eda e innovaci\u00f3n de \u00faltima generaci\u00f3n; asimismo garantiza condiciones seguras de atenci\u00f3n para las y los compa\u00f1eros que d\u00eda a d\u00eda brindan m\u00e1s de 20 mil servicios a la poblaci\u00f3n.<\/span><\/span><\/p>\n","protected":false},"excerpt":{"rendered":"<p>Con el prop\u00f3sito de mejorar y fortalecer el sistema de atenci\u00f3n de emergencias en la entidad, el gobernador, Mauricio Kuri Gonz\u00e1lez, entreg\u00f3 cinco ambulancias Mercedes Benz 417 de terapia intensiva al Centro Regulador de Urgencias M\u00e9dicas (CRUM). El mandatario estatal record\u00f3 que el dise\u00f1o de equipamiento de las nuevas unidades, estuvo a cargo de Diego Arturo L\u00f3pez de Ortigosa S\u00e1nchez,<\/p>\n<div class=\"h10\"><\/div>\n<p><a class=\"more-link2 flat\" href=\"https:\/\/elconspirador.com.mx\/?p=35900\">Leer m\u00e1s<\/a><\/p>\n","protected":false},"author":1,"featured_media":35901,"comment_status":"open","ping_status":"open","sticky":false,"template":"","format":"standard","meta":{"om_disable_all_campaigns":false,"_uf_show_specific_survey":0,"_uf_disable_surveys":false},"categories":[1],"tags":[],"aioseo_notices":[],"_links":{"self":[{"href":"https:\/\/elconspirador.com.mx\/index.php?rest_route=\/wp\/v2\/posts\/35900"}],"collection":[{"href":"https:\/\/elconspirador.com.mx\/index.php?rest_route=\/wp\/v2\/posts"}],"about":[{"href":"https:\/\/elconspirador.com.mx\/index.php?rest_route=\/wp\/v2\/types\/post"}],"author":[{"embeddable":true,"href":"https:\/\/elconspirador.com.mx\/index.php?rest_route=\/wp\/v2\/users\/1"}],"replies":[{"embeddable":true,"href":"https:\/\/elconspirador.com.mx\/index.php?rest_route=%2Fwp%2Fv2%2Fcomments&post=35900"}],"version-history":[{"count":2,"href":"https:\/\/elconspirador.com.mx\/index.php?rest_route=\/wp\/v2\/posts\/35900\/revisions"}],"predecessor-version":[{"id":35904,"href":"https:\/\/elconspirador.com.mx\/index.php?rest_route=\/wp\/v2\/posts\/35900\/revisions\/35904"}],"wp:featuredmedia":[{"embeddable":true,"href":"https:\/\/elconspirador.com.mx\/index.php?rest_route=\/wp\/v2\/media\/35901"}],"wp:attachment":[{"href":"https:\/\/elconspirador.com.mx\/index.php?rest_route=%2Fwp%2Fv2%2Fmedia&parent=35900"}],"wp:term":[{"taxonomy":"category","embeddable":true,"href":"https:\/\/elconspirador.com.mx\/index.php?rest_route=%2Fwp%2Fv2%2Fcategories&post=35900"},{"taxonomy":"post_tag","embeddable":true,"href":"https:\/\/elconspirador.com.mx\/index.php?rest_route=%2Fwp%2Fv2%2Ftags&post=35900"}],"curies":[{"name":"wp","href":"https:\/\/api.w.org\/{rel}","templated":true}]}}