{"id":35949,"date":"2023-10-24T20:22:52","date_gmt":"2023-10-25T02:22:52","guid":{"rendered":"https:\/\/elconspirador.com.mx\/?p=35949"},"modified":"2023-10-24T20:22:52","modified_gmt":"2023-10-25T02:22:52","slug":"acusan-a-bienestar-de-condicionar-apoyos","status":"publish","type":"post","link":"https:\/\/elconspirador.com.mx\/?p=35949","title":{"rendered":"ACUSAN A BIENESTAR DE CONDICIONAR APOYOS"},"content":{"rendered":"<p>Familiares y beneficiarios de programas de la delegaci\u00f3n de Bienestar acusaron que, en d\u00eda pasados, comenzaron a ser condicionados de continuar recibiendo los apoyos si no asist\u00edan a la marcha del agua, encabezada por habitantes de Macon\u00ed, Cadereyta de Montes, y el senador Gilberto Herrera.<\/p>\n<p>Afuera de las oficinas de Bienestar, se\u00f1alaron que los beneficiarios recibieron a supuestos trabajadores quienes les pidieron asistir a la marcha para seguir recibiendo recursos de pensiones, entre otros apoyos.<\/p>\n<p>\u201cMe est\u00e1n diciendo que recibieron visitas por parte de bienestar, que les est\u00e1n diciendo que tienen que ir a una marcha, este d\u00eda ten\u00edan que acudir a una marcha y si no acud\u00edan a la marcha les iban a quitar su apoyo\u201d, coment\u00f3 uno de los familiares.<\/p>\n<p>Acompa\u00f1ado de cerca de 50 personas, dijo que se est\u00e1 analizando presentar una denuncia ante la Fiscal\u00eda Anticorrupci\u00f3n contra los servidores p\u00fablicos que resulten responsables a quienes los se\u00f1al\u00f3 de referir que se convoc\u00f3 a las personas por instrucci\u00f3n de la delegada Roc\u00edo Peniche y de \u00d3scar L\u00f3pez Galv\u00e1n.<\/p>\n<p>Al respecto, Roc\u00edo Peniche Vera, delegada de Bienestar, afirm\u00f3 que no se ha condicionado ning\u00fan apoyo y pidi\u00f3 presentar pruebas de las acusaciones realizadas para poder actuar en consecuencia, pues enfatiz\u00f3 que, de lo contrario, los se\u00f1alamientos ser\u00e1n desechados.<\/p>\n<p>Afirm\u00f3 que es absurdo condicionar un apoyo que ya es constitucional y subray\u00f3 que conf\u00eda en que ninguno de los trabajadores de la Secretar\u00eda de Bienestar condicion\u00f3 alg\u00fan apoyo.<\/p>\n<p>\u201cYa les reiteramos que lo descarten totalmente, me sorprende que despu\u00e9s de cinco a\u00f1os que estamos trabajando con programas sociales y de haberlo transformado en un derecho todav\u00eda compren el discurso de que se los van a quitar, no, reitero, no les pueden quitar sus derechos\u201d, mencion\u00f3.<\/p>\n","protected":false},"excerpt":{"rendered":"<p>Familiares y beneficiarios de programas de la delegaci\u00f3n de Bienestar acusaron que, en d\u00eda pasados, comenzaron a ser condicionados de continuar recibiendo los apoyos si no asist\u00edan a la marcha del agua, encabezada por habitantes de Macon\u00ed, Cadereyta de Montes, y el senador Gilberto Herrera. Afuera de las oficinas de Bienestar, se\u00f1alaron que los beneficiarios recibieron a supuestos trabajadores quienes<\/p>\n<div class=\"h10\"><\/div>\n<p><a class=\"more-link2 flat\" href=\"https:\/\/elconspirador.com.mx\/?p=35949\">Leer m\u00e1s<\/a><\/p>\n","protected":false},"author":1,"featured_media":35950,"comment_status":"open","ping_status":"open","sticky":false,"template":"","format":"standard","meta":{"om_disable_all_campaigns":false,"_uf_show_specific_survey":0,"_uf_disable_surveys":false},"categories":[1],"tags":[],"aioseo_notices":[],"_links":{"self":[{"href":"https:\/\/elconspirador.com.mx\/index.php?rest_route=\/wp\/v2\/posts\/35949"}],"collection":[{"href":"https:\/\/elconspirador.com.mx\/index.php?rest_route=\/wp\/v2\/posts"}],"about":[{"href":"https:\/\/elconspirador.com.mx\/index.php?rest_route=\/wp\/v2\/types\/post"}],"author":[{"embeddable":true,"href":"https:\/\/elconspirador.com.mx\/index.php?rest_route=\/wp\/v2\/users\/1"}],"replies":[{"embeddable":true,"href":"https:\/\/elconspirador.com.mx\/index.php?rest_route=%2Fwp%2Fv2%2Fcomments&post=35949"}],"version-history":[{"count":1,"href":"https:\/\/elconspirador.com.mx\/index.php?rest_route=\/wp\/v2\/posts\/35949\/revisions"}],"predecessor-version":[{"id":35951,"href":"https:\/\/elconspirador.com.mx\/index.php?rest_route=\/wp\/v2\/posts\/35949\/revisions\/35951"}],"wp:featuredmedia":[{"embeddable":true,"href":"https:\/\/elconspirador.com.mx\/index.php?rest_route=\/wp\/v2\/media\/35950"}],"wp:attachment":[{"href":"https:\/\/elconspirador.com.mx\/index.php?rest_route=%2Fwp%2Fv2%2Fmedia&parent=35949"}],"wp:term":[{"taxonomy":"category","embeddable":true,"href":"https:\/\/elconspirador.com.mx\/index.php?rest_route=%2Fwp%2Fv2%2Fcategories&post=35949"},{"taxonomy":"post_tag","embeddable":true,"href":"https:\/\/elconspirador.com.mx\/index.php?rest_route=%2Fwp%2Fv2%2Ftags&post=35949"}],"curies":[{"name":"wp","href":"https:\/\/api.w.org\/{rel}","templated":true}]}}