{"id":35961,"date":"2023-10-24T13:44:44","date_gmt":"2023-10-24T19:44:44","guid":{"rendered":"https:\/\/elconspirador.com.mx\/?p=35961"},"modified":"2023-10-24T13:44:44","modified_gmt":"2023-10-24T19:44:44","slug":"rectora-de-la-uaq-marcha-con-alumnos-de-derecho","status":"publish","type":"post","link":"https:\/\/elconspirador.com.mx\/?p=35961","title":{"rendered":"RECTORA DE LA UAQ MARCHA CON ALUMNOS DE DERECHO"},"content":{"rendered":"<p>Teresa Garc\u00eda rectora de la UAQ acompa\u00f1\u00f3 a un contingente de alumno de la Facultad de Derecho en una manifestaci\u00f3n que realizaron a Plaza de Armas para exigir el respeto a las instituciones y a la autonom\u00eda del Poder Judicial de la Federaci\u00f3n.<\/p>\n<p>\u201cAlumnos de Derecho deciden unirse a los trabajadores del Poder Judicial en apoyo a la instituci\u00f3n, se pretende manifestarse a favor de las instituciones, en contra de los ataques contra la Suprema Corte\u201d.<\/p>\n<p>\u201dPor lo que llamamos a abrir el di\u00e1logo, conciliar, evitar la polarizaci\u00f3n, los ataques, no confundir a la ciudadan\u00eda, respetar a las instituciones\u201d.<\/p>\n<p>En este sentido la rectora de la UAQ decidi\u00f3 participar en esta manifestaci\u00f3n apoyando a los alumnos de Derecho quienes pidieron su apoyo para exigir respeto a las instituciones federales.<\/p>\n<p>\u201cSon b\u00e1sicamente estudiantes de la Facultad de Derecho los que estamos aqu\u00ed, y yo los vengo acompa\u00f1ando con todo gusto\u201d.<\/p>\n","protected":false},"excerpt":{"rendered":"<p>Teresa Garc\u00eda rectora de la UAQ acompa\u00f1\u00f3 a un contingente de alumno de la Facultad de Derecho en una manifestaci\u00f3n que realizaron a Plaza de Armas para exigir el respeto a las instituciones y a la autonom\u00eda del Poder Judicial de la Federaci\u00f3n. \u201cAlumnos de Derecho deciden unirse a los trabajadores del Poder Judicial en apoyo a la instituci\u00f3n, se<\/p>\n<div class=\"h10\"><\/div>\n<p><a class=\"more-link2 flat\" href=\"https:\/\/elconspirador.com.mx\/?p=35961\">Leer m\u00e1s<\/a><\/p>\n","protected":false},"author":1,"featured_media":35962,"comment_status":"open","ping_status":"open","sticky":false,"template":"","format":"standard","meta":{"om_disable_all_campaigns":false,"_uf_show_specific_survey":0,"_uf_disable_surveys":false},"categories":[1],"tags":[],"aioseo_notices":[],"_links":{"self":[{"href":"https:\/\/elconspirador.com.mx\/index.php?rest_route=\/wp\/v2\/posts\/35961"}],"collection":[{"href":"https:\/\/elconspirador.com.mx\/index.php?rest_route=\/wp\/v2\/posts"}],"about":[{"href":"https:\/\/elconspirador.com.mx\/index.php?rest_route=\/wp\/v2\/types\/post"}],"author":[{"embeddable":true,"href":"https:\/\/elconspirador.com.mx\/index.php?rest_route=\/wp\/v2\/users\/1"}],"replies":[{"embeddable":true,"href":"https:\/\/elconspirador.com.mx\/index.php?rest_route=%2Fwp%2Fv2%2Fcomments&post=35961"}],"version-history":[{"count":1,"href":"https:\/\/elconspirador.com.mx\/index.php?rest_route=\/wp\/v2\/posts\/35961\/revisions"}],"predecessor-version":[{"id":35963,"href":"https:\/\/elconspirador.com.mx\/index.php?rest_route=\/wp\/v2\/posts\/35961\/revisions\/35963"}],"wp:featuredmedia":[{"embeddable":true,"href":"https:\/\/elconspirador.com.mx\/index.php?rest_route=\/wp\/v2\/media\/35962"}],"wp:attachment":[{"href":"https:\/\/elconspirador.com.mx\/index.php?rest_route=%2Fwp%2Fv2%2Fmedia&parent=35961"}],"wp:term":[{"taxonomy":"category","embeddable":true,"href":"https:\/\/elconspirador.com.mx\/index.php?rest_route=%2Fwp%2Fv2%2Fcategories&post=35961"},{"taxonomy":"post_tag","embeddable":true,"href":"https:\/\/elconspirador.com.mx\/index.php?rest_route=%2Fwp%2Fv2%2Ftags&post=35961"}],"curies":[{"name":"wp","href":"https:\/\/api.w.org\/{rel}","templated":true}]}}