{"id":35972,"date":"2023-10-24T17:33:23","date_gmt":"2023-10-24T23:33:23","guid":{"rendered":"https:\/\/elconspirador.com.mx\/?p=35972"},"modified":"2023-10-24T17:33:23","modified_gmt":"2023-10-24T23:33:23","slug":"marcha-por-el-agua-podria-quedarse-en-plaza-de-armas","status":"publish","type":"post","link":"https:\/\/elconspirador.com.mx\/?p=35972","title":{"rendered":"MARCHA POR EL AGUA PODR\u00cdA QUEDARSE EN PLAZA DE ARMAS"},"content":{"rendered":"<p>De no tener respuesta del estado, habitantes de diversas comunidades, entre ellas Macon\u00ed, se plantar\u00e1n en Plaza de Armas hasta obtener una respuesta positiva del gobierno estatal de Quer\u00e9taro.<\/p>\n<p>Tras cinco d\u00edas de marcha desde Macon\u00ed a Quer\u00e9taro, Gilberto Herrera Ruiz, senador de la Rep\u00fablica, reconoci\u00f3 que la marcha se politiz\u00f3 dado que las necesidades del pueblo son pol\u00edticas, y advirti\u00f3 que, si los habitantes deciden plantarse, los apoyar\u00e1n.<\/p>\n<p>\u201cEsperemos que el se\u00f1or gobernador lo entienda y los atienda hoy mismo, hay una decisi\u00f3n, de ellos, que no se van a ir de aqu\u00ed y regresar a sus casas con las manos vac\u00edas, entonces se quedar\u00e1n aqu\u00ed hasta que se les atienda. Si Macon\u00ed decide quedarse en plant\u00f3n muchos queretanos los apoyaremos tambi\u00e9n\u201d, coment\u00f3.<\/p>\n<p>Con gritos de \u201cjusticia\u201d y \u201cno est\u00e1n solos\u201d, acus\u00f3 que el gobernador de Quer\u00e9taro no sabe de geograf\u00eda, pues ha confundido a la comunidad de Macon\u00ed con Vizarr\u00f3n, y enfatiz\u00f3 que los habitantes de dichas comunidades no piden privilegios, si no contar con los servicios m\u00ednimos necesarios como agua, luz y caminos.<\/p>\n<p>\u201cEsta plaza no la llena ni X\u00f3chitl, solo Macon\u00ed, esto es lo que significa un pueblo queretano, 180 kil\u00f3metros caminamos juntos con la idea de que los escuche el gobernador, a eso vinieron, a que los escuche el gobernador. No es posible que en El Campanario, en El Campestre est\u00e9 lleno de albercas y dem\u00e1s y en estas comunidades no tengamos eso, llevamos m\u00e1s de un siglo de la revoluci\u00f3n mexicana y seguimos encontrando comunidades en Macon\u00ed que no cuentan con luz, agua, caminos\u201d, apunt\u00f3.<\/p>\n<p>Asimismo, se pronunci\u00f3 por la liberaci\u00f3n de la delegada de Escol\u00e1sticas y un habitante m\u00e1s de dicha comunidad, quienes fueron detenidos arbitrariamente desde hace 90 d\u00edas por la defensa del manantial de dicha localidad, por lo que exigi\u00f3 que se cierren las carpetas de investigaci\u00f3n iniciadas contra defensores del agua de Macon\u00ed y Escol\u00e1sticas.<\/p>\n","protected":false},"excerpt":{"rendered":"<p>De no tener respuesta del estado, habitantes de diversas comunidades, entre ellas Macon\u00ed, se plantar\u00e1n en Plaza de Armas hasta obtener una respuesta positiva del gobierno estatal de Quer\u00e9taro. Tras cinco d\u00edas de marcha desde Macon\u00ed a Quer\u00e9taro, Gilberto Herrera Ruiz, senador de la Rep\u00fablica, reconoci\u00f3 que la marcha se politiz\u00f3 dado que las necesidades del pueblo son pol\u00edticas, y<\/p>\n<div class=\"h10\"><\/div>\n<p><a class=\"more-link2 flat\" href=\"https:\/\/elconspirador.com.mx\/?p=35972\">Leer m\u00e1s<\/a><\/p>\n","protected":false},"author":1,"featured_media":35973,"comment_status":"open","ping_status":"open","sticky":false,"template":"","format":"standard","meta":{"om_disable_all_campaigns":false,"_uf_show_specific_survey":0,"_uf_disable_surveys":false},"categories":[1],"tags":[],"aioseo_notices":[],"_links":{"self":[{"href":"https:\/\/elconspirador.com.mx\/index.php?rest_route=\/wp\/v2\/posts\/35972"}],"collection":[{"href":"https:\/\/elconspirador.com.mx\/index.php?rest_route=\/wp\/v2\/posts"}],"about":[{"href":"https:\/\/elconspirador.com.mx\/index.php?rest_route=\/wp\/v2\/types\/post"}],"author":[{"embeddable":true,"href":"https:\/\/elconspirador.com.mx\/index.php?rest_route=\/wp\/v2\/users\/1"}],"replies":[{"embeddable":true,"href":"https:\/\/elconspirador.com.mx\/index.php?rest_route=%2Fwp%2Fv2%2Fcomments&post=35972"}],"version-history":[{"count":1,"href":"https:\/\/elconspirador.com.mx\/index.php?rest_route=\/wp\/v2\/posts\/35972\/revisions"}],"predecessor-version":[{"id":35974,"href":"https:\/\/elconspirador.com.mx\/index.php?rest_route=\/wp\/v2\/posts\/35972\/revisions\/35974"}],"wp:featuredmedia":[{"embeddable":true,"href":"https:\/\/elconspirador.com.mx\/index.php?rest_route=\/wp\/v2\/media\/35973"}],"wp:attachment":[{"href":"https:\/\/elconspirador.com.mx\/index.php?rest_route=%2Fwp%2Fv2%2Fmedia&parent=35972"}],"wp:term":[{"taxonomy":"category","embeddable":true,"href":"https:\/\/elconspirador.com.mx\/index.php?rest_route=%2Fwp%2Fv2%2Fcategories&post=35972"},{"taxonomy":"post_tag","embeddable":true,"href":"https:\/\/elconspirador.com.mx\/index.php?rest_route=%2Fwp%2Fv2%2Ftags&post=35972"}],"curies":[{"name":"wp","href":"https:\/\/api.w.org\/{rel}","templated":true}]}}