{"id":36020,"date":"2023-10-26T20:57:03","date_gmt":"2023-10-27T02:57:03","guid":{"rendered":"https:\/\/elconspirador.com.mx\/?p=36020"},"modified":"2023-10-26T20:57:03","modified_gmt":"2023-10-27T02:57:03","slug":"venta-de-autos-nuevos-al-alza-en-queretaro","status":"publish","type":"post","link":"https:\/\/elconspirador.com.mx\/?p=36020","title":{"rendered":"VENTA DE AUTOS NUEVOS AL ALZA EN QUER\u00c9TARO"},"content":{"rendered":"<p class=\"s3\"><span class=\"s4\"><span class=\"bumpedFont15\">La Asociaci\u00f3n de Distribuidores de Veh\u00edculos Automotores (AMDA), inform\u00f3 que durante enero-septiembre 2023,\u00a0en el estado de Quer\u00e9taro se comercializaron 23,349 veh\u00edculos nuevos, un crecimiento de 26.3% con relaci\u00f3n a 18,481 adquisiciones en el mismo periodo del a\u00f1o anterior.<\/span><\/span><\/p>\n<p class=\"s3\"><span class=\"s4\"><span class=\"bumpedFont15\">Solo en el mes de septiembre la entidad registr\u00f3 la comercializaci\u00f3n de 2,849 veh\u00edculos nuevos, una variaci\u00f3n anual del 35.3%.<\/span><\/span><\/p>\n<p class=\"s3\"><span class=\"s4\"><span class=\"bumpedFont15\">De acuerdo con el reporte acumulado de compradores, Quer\u00e9taro se ubica en el lugar 12, respecto de las 32 entidades federativas con una participaci\u00f3n del 2.4% de la venta total nacional.<\/span><\/span><\/p>\n<p class=\"s3\"><span class=\"s4\"><span class=\"bumpedFont15\">De la comercializaci\u00f3n local 13,346 que representan el 57% se dio en el segmento de camiones y 10,003 en el rubro de autom\u00f3viles, con el 43% de las operaciones del sector automotor.<\/span><\/span><\/p>\n<p class=\"s3\"><span class=\"s4\"><span class=\"bumpedFont15\">Para el total\u00a0de camiones, 9,231 unidades se registraron en usos m\u00faltiples, adem\u00e1s de 4,115 camiones.<\/span><\/span><\/p>\n<p class=\"s3\"><span class=\"s4\"><span class=\"bumpedFont15\">En la l\u00ednea de autom\u00f3viles, 4,431 unidades correspondieron a subcompactos, 4,295 compactos, 1,173 <\/span><\/span><span class=\"s5\"><span class=\"bumpedFont15\">autos<\/span><\/span><span class=\"s4\"><span class=\"bumpedFont15\"> de lujo y 104\u00a0deportivos.<\/span><\/span><\/p>\n<p class=\"s3\"><span class=\"s4\"><span class=\"bumpedFont15\">El informe de AMDA, refiere que en los primeros nueves meses del a\u00f1o las agencias ubicadas en el municipio de Quer\u00e9taro concentraron el 63% de las ventas con 14,729 veh\u00edculos nuevos comercializados, Corregidora con 2,627 unidades, El Marqu\u00e9s 2,355, San Juan del R\u00edo 2,005, municipios no conurbados con 1,528 y Huimilpan con un registro de 105 unidades.<\/span><\/span><\/p>\n<p class=\"s3\"><span class=\"s2\"><span class=\"bumpedFont15\">AGENCIAS<\/span><\/span><\/p>\n<p class=\"s3\"><span class=\"s4\"><span class=\"bumpedFont15\">La presidenta de AMDA Quer\u00e9taro, Laura Rodr\u00edguez Miranda, subray\u00f3 que como parte del proceso de recuperaci\u00f3n econ\u00f3mica y la atracci\u00f3n que representa\u00a0Quer\u00e9taro para la inversi\u00f3n, en lo que va del a\u00f1o se ha reportado la apertura de nueve agencias de veh\u00edculos<\/span><\/span><span class=\"s4\"><span class=\"bumpedFont15\">, <\/span><\/span><span class=\"s4\"><span class=\"bumpedFont15\">est\u00e1s ubicadas <\/span><\/span><span class=\"s4\"><span class=\"bumpedFont15\">en <\/span><\/span><span class=\"s4\"><span class=\"bumpedFont15\">los municipios de Quer\u00e9taro y Corregidora.<\/span><\/span><\/p>\n<p class=\"s3\"><span class=\"s4\"><span class=\"bumpedFont15\">La inversi\u00f3n promedio por agencia <\/span><\/span><span class=\"s4\"><span class=\"bumpedFont15\">de veh\u00edculos <\/span><\/span><span class=\"s4\"><span class=\"bumpedFont15\">asciende<\/span><\/span><span class=\"s4\"><span class=\"bumpedFont15\">aproximadamente<\/span><\/span> <span class=\"s4\"><span class=\"bumpedFont15\">a <\/span><\/span><span class=\"s4\"><span class=\"bumpedFont15\">3.5 millones de d\u00f3lares.<\/span><\/span><\/p>\n<p class=\"s3\"><span class=\"s4\"><span class=\"bumpedFont15\">Con estas nuevas aperturas,<\/span><\/span> <span class=\"s4\"><span class=\"bumpedFont15\">en <\/span><\/span><span class=\"s4\"><span class=\"bumpedFont15\">el estado de Q<\/span><\/span><span class=\"s4\"><span class=\"bumpedFont15\">uer\u00e9taro<\/span><\/span> <span class=\"s4\"><span class=\"bumpedFont15\">tiene el registro de 60 distribuidores de autos y 12 en el segmento camiones, que en suma generan 12 mil empleos <\/span><\/span><span class=\"s4\"><span class=\"bumpedFont15\">formales<\/span><\/span><span class=\"s4\"><span class=\"bumpedFont15\">.<\/span><\/span><\/p>\n","protected":false},"excerpt":{"rendered":"<p>La Asociaci\u00f3n de Distribuidores de Veh\u00edculos Automotores (AMDA), inform\u00f3 que durante enero-septiembre 2023,\u00a0en el estado de Quer\u00e9taro se comercializaron 23,349 veh\u00edculos nuevos, un crecimiento de 26.3% con relaci\u00f3n a 18,481 adquisiciones en el mismo periodo del a\u00f1o anterior. Solo en el mes de septiembre la entidad registr\u00f3 la comercializaci\u00f3n de 2,849 veh\u00edculos nuevos, una variaci\u00f3n anual del 35.3%. De acuerdo<\/p>\n<div class=\"h10\"><\/div>\n<p><a class=\"more-link2 flat\" href=\"https:\/\/elconspirador.com.mx\/?p=36020\">Leer m\u00e1s<\/a><\/p>\n","protected":false},"author":1,"featured_media":36021,"comment_status":"open","ping_status":"open","sticky":false,"template":"","format":"standard","meta":{"om_disable_all_campaigns":false,"_uf_show_specific_survey":0,"_uf_disable_surveys":false},"categories":[1],"tags":[],"aioseo_notices":[],"_links":{"self":[{"href":"https:\/\/elconspirador.com.mx\/index.php?rest_route=\/wp\/v2\/posts\/36020"}],"collection":[{"href":"https:\/\/elconspirador.com.mx\/index.php?rest_route=\/wp\/v2\/posts"}],"about":[{"href":"https:\/\/elconspirador.com.mx\/index.php?rest_route=\/wp\/v2\/types\/post"}],"author":[{"embeddable":true,"href":"https:\/\/elconspirador.com.mx\/index.php?rest_route=\/wp\/v2\/users\/1"}],"replies":[{"embeddable":true,"href":"https:\/\/elconspirador.com.mx\/index.php?rest_route=%2Fwp%2Fv2%2Fcomments&post=36020"}],"version-history":[{"count":2,"href":"https:\/\/elconspirador.com.mx\/index.php?rest_route=\/wp\/v2\/posts\/36020\/revisions"}],"predecessor-version":[{"id":36085,"href":"https:\/\/elconspirador.com.mx\/index.php?rest_route=\/wp\/v2\/posts\/36020\/revisions\/36085"}],"wp:featuredmedia":[{"embeddable":true,"href":"https:\/\/elconspirador.com.mx\/index.php?rest_route=\/wp\/v2\/media\/36021"}],"wp:attachment":[{"href":"https:\/\/elconspirador.com.mx\/index.php?rest_route=%2Fwp%2Fv2%2Fmedia&parent=36020"}],"wp:term":[{"taxonomy":"category","embeddable":true,"href":"https:\/\/elconspirador.com.mx\/index.php?rest_route=%2Fwp%2Fv2%2Fcategories&post=36020"},{"taxonomy":"post_tag","embeddable":true,"href":"https:\/\/elconspirador.com.mx\/index.php?rest_route=%2Fwp%2Fv2%2Ftags&post=36020"}],"curies":[{"name":"wp","href":"https:\/\/api.w.org\/{rel}","templated":true}]}}